{"id":52222,"date":"2024-03-20T15:07:21","date_gmt":"2024-03-20T21:07:21","guid":{"rendered":"https:\/\/encuentroinformativo.com.mx\/?p=52222"},"modified":"2024-03-20T15:07:27","modified_gmt":"2024-03-20T21:07:27","slug":"fge-tiene-en-libertad-a-sujeto-que-choco-en-estado-de-ebriedad","status":"publish","type":"post","link":"https:\/\/encuentroinformativo.com.mx\/?p=52222","title":{"rendered":"FGE tiene en libertad a sujeto que choc\u00f3 en estado de ebriedad"},"content":{"rendered":"\n<p><strong>*Dos adolescentes permanecen hospitalizados.<\/strong> <\/p>\n\n\n\n<p><strong>Alejandro \u00c1vila<\/strong><\/p>\n\n\n\n<p>Veracruz, Ver.- Tres personas llevan m\u00e1s de 20 d\u00edas hospitalizados debido al accidente que provoc\u00f3 un sujeto en presunto estado de ebriedad en la carretera Santa Rita &#8211; Pe\u00f1uelos del municipio de Veracruz, el pasado 2 de marzo.<\/p>\n\n\n\n<p>La familia L\u00f3pez exige a la Fiscal\u00eda de Veracruz justicia tras el incidente donde un abuelo y sus dos nietos sufrieron graves heridas que ponen en riesgo su vida, por un conductor que circulaba en presunto estado de ebriedad y que hoy se encuentra libre.<\/p>\n\n\n\n<p>\u201cVen\u00eda de casa de mis suegros que viven en Manlio Fabio Altamirano, rumbo al trabajo, a la altura de la empresa Pilgrims en compa\u00f1\u00eda de mis nietos (\u2026) a lo lejos observ\u00e9 que un veh\u00edculo ven\u00eda zigzagueando en el carril contrario, se me impact\u00f3 sin oportunidad de hacer algo\u201d, se\u00f1al\u00f3 Don Gerardo.<\/p>\n\n\n\n<p>Los dos menores de edad que ven\u00edan en la parte trasera del veh\u00edculo fueron los que se llevaron la peor parte; pues Santiago de 15 a\u00f1os, sufri\u00f3 fractura de f\u00e9mur derecho y un golpe en el est\u00f3mago que le provoc\u00f3 un hematoma, afectando intestinos, bazo e h\u00edgado; mientras que Iker de 11 a\u00f1os, tuvo fractura craneencef\u00e1lica, fractura de f\u00e9mur derecho, y un hematoma en el ojo derecho qu\u00e9 le provoc\u00f3 perder la vista de manera definitiva en ese lado.<\/p>\n\n\n\n<p>A pesar del grave accidente, el conductor Alexis Andr\u00e9s &#8220;N&#8221;, qui\u00e9n seg\u00fan conocidos de la zona ha tenido diversos accidentes por conducir en estado de ebriedad, contin\u00faa en libertad y sin hacerse responsable de los gastos m\u00e9dicos del siniestro.<\/p>\n\n\n\n<p>&#8220;Hace alg\u00fan tiempo tambi\u00e9n tuvo un choque fuerte en carretera, pero contra un poste, por viajar bajo los influjos del alcohol&#8221;, mencion\u00f3 un vecino.<\/p>\n\n\n\n<p>La familia L\u00f3pez pidi\u00f3 a la Fiscal\u00eda de Veracruz que agilice la investigaci\u00f3n radicada en la carpeta de investigaci\u00f3n 1001\/2024 debido a que est\u00e1n enfrentando muchos gastos m\u00e9dicos por las heridas que la colisi\u00f3n de los autos les causaron.<\/p>\n\n\n\n<p>Adem\u00e1s, considera que al ser dos menores de edad los que sufrieron las heridas m\u00e1s graves, deber\u00eda de darle celeridad al asunto para que puedan tener la mejor atenci\u00f3n m\u00e9dica posible y as\u00ed evitar mayores complicaciones en su salud.<\/p>\n","protected":false},"excerpt":{"rendered":"<p>*Dos adolescentes permanecen hospitalizados. Alejandro \u00c1vila Veracruz, Ver.- Tres personas llevan m\u00e1s de 20 d\u00edas hospitalizados debido al accidente que provoc\u00f3 un sujeto en presunto estado de ebriedad en la carretera Santa Rita &#8211; Pe\u00f1uelos del municipio de Veracruz, el pasado 2 de marzo. La familia L\u00f3pez exige a la Fiscal\u00eda de Veracruz justicia tras [&hellip;]<\/p>\n","protected":false},"author":2476,"featured_media":52223,"comment_status":"open","ping_status":"open","sticky":false,"template":"","format":"standard","meta":{"_jetpack_memberships_contains_paid_content":false,"footnotes":""},"categories":[2],"tags":[],"class_list":["post-52222","post","type-post","status-publish","format-standard","has-post-thumbnail","hentry","category-estado"],"jetpack_featured_media_url":"https:\/\/encuentroinformativo.com.mx\/wp-content\/uploads\/2024\/03\/IMG-20240320-WA0029.jpg","jetpack_sharing_enabled":true,"jetpack_likes_enabled":true,"amp_enabled":true,"_links":{"self":[{"href":"https:\/\/encuentroinformativo.com.mx\/index.php?rest_route=\/wp\/v2\/posts\/52222","targetHints":{"allow":["GET"]}}],"collection":[{"href":"https:\/\/encuentroinformativo.com.mx\/index.php?rest_route=\/wp\/v2\/posts"}],"about":[{"href":"https:\/\/encuentroinformativo.com.mx\/index.php?rest_route=\/wp\/v2\/types\/post"}],"author":[{"embeddable":true,"href":"https:\/\/encuentroinformativo.com.mx\/index.php?rest_route=\/wp\/v2\/users\/2476"}],"replies":[{"embeddable":true,"href":"https:\/\/encuentroinformativo.com.mx\/index.php?rest_route=%2Fwp%2Fv2%2Fcomments&post=52222"}],"version-history":[{"count":1,"href":"https:\/\/encuentroinformativo.com.mx\/index.php?rest_route=\/wp\/v2\/posts\/52222\/revisions"}],"predecessor-version":[{"id":52224,"href":"https:\/\/encuentroinformativo.com.mx\/index.php?rest_route=\/wp\/v2\/posts\/52222\/revisions\/52224"}],"wp:featuredmedia":[{"embeddable":true,"href":"https:\/\/encuentroinformativo.com.mx\/index.php?rest_route=\/wp\/v2\/media\/52223"}],"wp:attachment":[{"href":"https:\/\/encuentroinformativo.com.mx\/index.php?rest_route=%2Fwp%2Fv2%2Fmedia&parent=52222"}],"wp:term":[{"taxonomy":"category","embeddable":true,"href":"https:\/\/encuentroinformativo.com.mx\/index.php?rest_route=%2Fwp%2Fv2%2Fcategories&post=52222"},{"taxonomy":"post_tag","embeddable":true,"href":"https:\/\/encuentroinformativo.com.mx\/index.php?rest_route=%2Fwp%2Fv2%2Ftags&post=52222"}],"curies":[{"name":"wp","href":"https:\/\/api.w.org\/{rel}","templated":true}]}}