{"id":52240,"date":"2024-03-21T09:53:24","date_gmt":"2024-03-21T15:53:24","guid":{"rendered":"https:\/\/encuentroinformativo.com.mx\/?p=52240"},"modified":"2024-03-21T09:53:30","modified_gmt":"2024-03-21T15:53:30","slug":"presentan-en-veracruz-puerto-libro-rutas-hacia-la-educacion-inclusiva","status":"publish","type":"post","link":"https:\/\/encuentroinformativo.com.mx\/?p=52240","title":{"rendered":"Presentan en Veracruz puerto libro &#8220;Rutas hacia la Educaci\u00f3n Inclusiva&#8221;"},"content":{"rendered":"\n<p><strong>Alejandro \u00c1vila<\/strong><\/p>\n\n\n\n<p>Veracruz, Ver.- Este mi\u00e9rcoles por la tarde fue presentado oficialmente en el recinto sede de la Secretar\u00eda de Cultura de Veracruz, el libro &#8220;Rutas hacia la Educaci\u00f3n Inclusiva&#8221; del doctor, Carlos Alberto Campos Almeida.<\/p>\n\n\n\n<p>Este escrito, a decir del autor, tiene como objetivo presentar a las maestras y maestros mayores elementos para que puedan atender la diversidad en las diferentes aulas.<\/p>\n\n\n\n<p>&#8220;Es fundamental porque la \u00fanica manera de ense\u00f1ar tiene que ser en inclusi\u00f3n, el respeto y reconocimiento de la diversidad, no es un programa, si no es la \u00fanica manera que debemos de entender la educaci\u00f3n (\u2026) no solo es que est\u00e9 en la ley, sino que adem\u00e1s la inclusi\u00f3n nos conviene a todas y a todos, y les vamos a ense\u00f1ar y nos vamos a ense\u00f1ar a convivir en diversidad, que adem\u00e1s es parte natural del ser humano&#8221;, expres\u00f3 el autor.<\/p>\n\n\n\n<p>Carlos Alberto Campos Almeida detall\u00f3 que dentro de la lectura de su escrito, los docentes encontrar\u00e1n cinco gu\u00edas que propone, las cuales considera puedan ejecutar los maestros de forma pr\u00e1ctica.<\/p>\n\n\n\n<p>El autor mencion\u00f3 que por el momento los interesados en obtener el libro lo podr\u00e1n comprar a trav\u00e9s de la plataforma digital de la empresa Amazon, posteriormente se espera que pueda llegar a las librer\u00edas de Veracruz y el resto de la Rep\u00fablica Mexicana.<\/p>\n","protected":false},"excerpt":{"rendered":"<p>Alejandro \u00c1vila Veracruz, Ver.- Este mi\u00e9rcoles por la tarde fue presentado oficialmente en el recinto sede de la Secretar\u00eda de Cultura de Veracruz, el libro &#8220;Rutas hacia la Educaci\u00f3n Inclusiva&#8221; del doctor, Carlos Alberto Campos Almeida. Este escrito, a decir del autor, tiene como objetivo presentar a las maestras y maestros mayores elementos para que [&hellip;]<\/p>\n","protected":false},"author":2476,"featured_media":52241,"comment_status":"open","ping_status":"open","sticky":false,"template":"","format":"standard","meta":{"_jetpack_memberships_contains_paid_content":false,"footnotes":""},"categories":[2],"tags":[],"class_list":["post-52240","post","type-post","status-publish","format-standard","has-post-thumbnail","hentry","category-estado"],"jetpack_featured_media_url":"https:\/\/encuentroinformativo.com.mx\/wp-content\/uploads\/2024\/03\/IMG-20240321-WA0016.jpg","jetpack_sharing_enabled":true,"jetpack_likes_enabled":true,"amp_enabled":true,"_links":{"self":[{"href":"https:\/\/encuentroinformativo.com.mx\/index.php?rest_route=\/wp\/v2\/posts\/52240","targetHints":{"allow":["GET"]}}],"collection":[{"href":"https:\/\/encuentroinformativo.com.mx\/index.php?rest_route=\/wp\/v2\/posts"}],"about":[{"href":"https:\/\/encuentroinformativo.com.mx\/index.php?rest_route=\/wp\/v2\/types\/post"}],"author":[{"embeddable":true,"href":"https:\/\/encuentroinformativo.com.mx\/index.php?rest_route=\/wp\/v2\/users\/2476"}],"replies":[{"embeddable":true,"href":"https:\/\/encuentroinformativo.com.mx\/index.php?rest_route=%2Fwp%2Fv2%2Fcomments&post=52240"}],"version-history":[{"count":1,"href":"https:\/\/encuentroinformativo.com.mx\/index.php?rest_route=\/wp\/v2\/posts\/52240\/revisions"}],"predecessor-version":[{"id":52242,"href":"https:\/\/encuentroinformativo.com.mx\/index.php?rest_route=\/wp\/v2\/posts\/52240\/revisions\/52242"}],"wp:featuredmedia":[{"embeddable":true,"href":"https:\/\/encuentroinformativo.com.mx\/index.php?rest_route=\/wp\/v2\/media\/52241"}],"wp:attachment":[{"href":"https:\/\/encuentroinformativo.com.mx\/index.php?rest_route=%2Fwp%2Fv2%2Fmedia&parent=52240"}],"wp:term":[{"taxonomy":"category","embeddable":true,"href":"https:\/\/encuentroinformativo.com.mx\/index.php?rest_route=%2Fwp%2Fv2%2Fcategories&post=52240"},{"taxonomy":"post_tag","embeddable":true,"href":"https:\/\/encuentroinformativo.com.mx\/index.php?rest_route=%2Fwp%2Fv2%2Ftags&post=52240"}],"curies":[{"name":"wp","href":"https:\/\/api.w.org\/{rel}","templated":true}]}}