{"id":52249,"date":"2024-03-21T12:53:08","date_gmt":"2024-03-21T18:53:08","guid":{"rendered":"https:\/\/encuentroinformativo.com.mx\/?p=52249"},"modified":"2024-03-21T12:53:14","modified_gmt":"2024-03-21T18:53:14","slug":"se-suma-redes-sociales-progresistas-a-campana-de-pepe-yunes","status":"publish","type":"post","link":"https:\/\/encuentroinformativo.com.mx\/?p=52249","title":{"rendered":"Se suma Redes Sociales Progresistas a campa\u00f1a de Pepe Yunes"},"content":{"rendered":"\n<p><strong>Dar\u00edo Pale <\/strong><\/p>\n\n\n\n<p>Xalapa, Ver.- Dan a conocer que Redes Sociales Progresistas se suma a la campa\u00f1a de Pepe Yunes y de la candidata a la Presidencia, as\u00ed lo dio a conocer el coordinador en Veracruz de la campa\u00f1a presidencial de X\u00f3chitl G\u00e1lvez, Jos\u00e9 de Jes\u00fas Mancha Alarc\u00f3n.<\/p>\n\n\n\n<p>En conferencia de prensa dio a conocer que en su \u00faltima participaci\u00f3n como partido pol\u00edtico, Redes Sociales Progresistas obtuvo casi 240 mil votos y fue Veracruz la entidad donde mayor respaldo obtuvo de todo el pa\u00eds, aunque no haya logrado salvar el registro.<\/p>\n\n\n\n<p>El exdirigente panista resalt\u00f3 la incorporaci\u00f3n de RSP y de su dirigente, Antonio Lagunes Torales a la campa\u00f1a del candidato a la gubernatura.<\/p>\n\n\n\n<p>\u201cHoy es un d\u00eda especial para la alianza, porque hoy se suma Redes Sociales Progresistas tanto a la campa\u00f1a de X\u00f3chitl G\u00e1lvez como a la campa\u00f1a de Pepe Yunes\u201d, expres\u00f3.<\/p>\n\n\n\n<p>Destac\u00f3 que la adhesi\u00f3n de esta agrupaci\u00f3n, que ahora se llama Movimiento Nacional Progresista, obedece a juntar esfuerzos por un proyecto nacional y estatal, y no a un proyecto personal.<\/p>\n\n\n\n<p>El ahora coordinador en Veracruz de la campa\u00f1a de X\u00f3chitl G\u00e1lvez resalt\u00f3 el liderazgo de Antonio Lagunes Torales, de quien dijo es un empresario xalape\u00f1o comprometido con la sociedad.<\/p>\n\n\n\n<p>Por \u00faltimo asegur\u00f3 que tanto \u00e9l, como todos los liderazgos que participan en Redes Sociales Progresistas se sumar\u00e1n al trabajo del PAN, PRD y PRI tanto en la elecci\u00f3n federal a la Presidencia, como a la gubernatura en el caso de Veracruz.<\/p>\n","protected":false},"excerpt":{"rendered":"<p>Dar\u00edo Pale Xalapa, Ver.- Dan a conocer que Redes Sociales Progresistas se suma a la campa\u00f1a de Pepe Yunes y de la candidata a la Presidencia, as\u00ed lo dio a conocer el coordinador en Veracruz de la campa\u00f1a presidencial de X\u00f3chitl G\u00e1lvez, Jos\u00e9 de Jes\u00fas Mancha Alarc\u00f3n. En conferencia de prensa dio a conocer que [&hellip;]<\/p>\n","protected":false},"author":2476,"featured_media":52250,"comment_status":"open","ping_status":"open","sticky":false,"template":"","format":"standard","meta":{"_jetpack_memberships_contains_paid_content":false,"footnotes":""},"categories":[2],"tags":[],"class_list":["post-52249","post","type-post","status-publish","format-standard","has-post-thumbnail","hentry","category-estado"],"jetpack_featured_media_url":"https:\/\/encuentroinformativo.com.mx\/wp-content\/uploads\/2024\/03\/IMG-20240321-WA0041.jpg","jetpack_sharing_enabled":true,"jetpack_likes_enabled":true,"amp_enabled":true,"_links":{"self":[{"href":"https:\/\/encuentroinformativo.com.mx\/index.php?rest_route=\/wp\/v2\/posts\/52249","targetHints":{"allow":["GET"]}}],"collection":[{"href":"https:\/\/encuentroinformativo.com.mx\/index.php?rest_route=\/wp\/v2\/posts"}],"about":[{"href":"https:\/\/encuentroinformativo.com.mx\/index.php?rest_route=\/wp\/v2\/types\/post"}],"author":[{"embeddable":true,"href":"https:\/\/encuentroinformativo.com.mx\/index.php?rest_route=\/wp\/v2\/users\/2476"}],"replies":[{"embeddable":true,"href":"https:\/\/encuentroinformativo.com.mx\/index.php?rest_route=%2Fwp%2Fv2%2Fcomments&post=52249"}],"version-history":[{"count":1,"href":"https:\/\/encuentroinformativo.com.mx\/index.php?rest_route=\/wp\/v2\/posts\/52249\/revisions"}],"predecessor-version":[{"id":52251,"href":"https:\/\/encuentroinformativo.com.mx\/index.php?rest_route=\/wp\/v2\/posts\/52249\/revisions\/52251"}],"wp:featuredmedia":[{"embeddable":true,"href":"https:\/\/encuentroinformativo.com.mx\/index.php?rest_route=\/wp\/v2\/media\/52250"}],"wp:attachment":[{"href":"https:\/\/encuentroinformativo.com.mx\/index.php?rest_route=%2Fwp%2Fv2%2Fmedia&parent=52249"}],"wp:term":[{"taxonomy":"category","embeddable":true,"href":"https:\/\/encuentroinformativo.com.mx\/index.php?rest_route=%2Fwp%2Fv2%2Fcategories&post=52249"},{"taxonomy":"post_tag","embeddable":true,"href":"https:\/\/encuentroinformativo.com.mx\/index.php?rest_route=%2Fwp%2Fv2%2Ftags&post=52249"}],"curies":[{"name":"wp","href":"https:\/\/api.w.org\/{rel}","templated":true}]}}