{"id":52252,"date":"2024-03-21T13:22:25","date_gmt":"2024-03-21T19:22:25","guid":{"rendered":"https:\/\/encuentroinformativo.com.mx\/?p=52252"},"modified":"2024-03-21T13:22:30","modified_gmt":"2024-03-21T19:22:30","slug":"negligencia-en-inp-pierde-estudios-de-nino-veracruzano-y-retrasa-trasplante-de-medula-osea","status":"publish","type":"post","link":"https:\/\/encuentroinformativo.com.mx\/?p=52252","title":{"rendered":"Negligencia en INP, pierde estudios de ni\u00f1o veracruzano y retrasa trasplante de m\u00e9dula \u00f3sea"},"content":{"rendered":"\n<p><strong>Alejandro \u00c1vila<\/strong><\/p>\n\n\n\n<p>Veracruz, Ver.- Debido a que el Instituto Nacional de Pediatr\u00eda (INP) perdi\u00f3 parte de la documentaci\u00f3n de un paciente con c\u00e1ncer, su operaci\u00f3n para transplante de m\u00e9dula \u00f3sea lleva un retraso considerable que podr\u00eda costarle la vida, mencion\u00f3 su madre, Esperanza Mart\u00ednez Camacho.<\/p>\n\n\n\n<p>La acongojada madre relato que el pasado 30 de enero su esposo llev\u00f3 la documentaci\u00f3n necesaria al Instituto Nacional de Pediatr\u00eda en la Ciudad de M\u00e9xico, donde les dijeron que se comunicar\u00edan con ellos, tras semanas de espera volvieron a emprender el viaje a la capital del pa\u00eds, donde les informaron que se hab\u00edan perdido algunos documentos del expediente.<\/p>\n\n\n\n<p>&#8220;Entregu\u00e9 todos los papeles, entregu\u00e9 copias y originales, y a los 8 d\u00edas que los entregu\u00e9 ya me llamaron de que al ni\u00f1o necesitaban hacerle nuevamente unos estudios que ya le hab\u00edan hecho en septiembre y en junio del a\u00f1o pasado, entonces ahorita por eso est\u00e1 hospitalizado porque necesita esas valoraciones. Gracias a Dios aqu\u00ed ya nada m\u00e1s le faltan dos, pero ya tenemos la consulta, o sea aqu\u00ed se ha movido (en Veracruz)&#8221;, mencion\u00f3.<\/p>\n\n\n\n<p>Esperanza Mart\u00ednez de relato que su peque\u00f1o de apenas 5 a\u00f1os de edad tiene leucemia mielobl\u00e1stica aguda, el cual es demasiado agresivo para \u00e9l porque es m\u00e1s com\u00fan en adultos que en ni\u00f1os.<\/p>\n\n\n\n<p>&#8220;O sea, la probabilidad de que se cure con quimioterapia es baja, \u00e9l necesita el trasplante, porque si no se hace pues puede recaer (\u2026) \u00e9l ten\u00eda 3 a\u00f1os de edad, despu\u00e9s de la reca\u00edda ya lleva dos a\u00f1os -de retraso para el transplante-, mi ni\u00f1o recay\u00f3 en septiembre del 2021, entonces mandaron a solicitar los documentos, nos respondieron hasta junio del 2022, ahorita pues desde junio hasta ahorita. Aqu\u00ed todos los estudios que han pedido all\u00e1 se los han hecho rapidito&#8221;, expres\u00f3.<\/p>\n\n\n\n<p>Ante esta situaci\u00f3n, la madre del peque\u00f1o solicita el apoyo de las instancias gubernamentales, como el gobernador, Cuitl\u00e1huac Garc\u00eda Jim\u00e9nez; o el presidente, Andr\u00e9s Manuel L\u00f3pez Obrador; pues teme que una situaci\u00f3n peor pueda suceder en caso de no lograr su operaci\u00f3n en el tiempo adecuado.<\/p>\n","protected":false},"excerpt":{"rendered":"<p>Alejandro \u00c1vila Veracruz, Ver.- Debido a que el Instituto Nacional de Pediatr\u00eda (INP) perdi\u00f3 parte de la documentaci\u00f3n de un paciente con c\u00e1ncer, su operaci\u00f3n para transplante de m\u00e9dula \u00f3sea lleva un retraso considerable que podr\u00eda costarle la vida, mencion\u00f3 su madre, Esperanza Mart\u00ednez Camacho. La acongojada madre relato que el pasado 30 de enero [&hellip;]<\/p>\n","protected":false},"author":2476,"featured_media":52253,"comment_status":"open","ping_status":"open","sticky":false,"template":"","format":"standard","meta":{"_jetpack_memberships_contains_paid_content":false,"footnotes":""},"categories":[9],"tags":[],"class_list":["post-52252","post","type-post","status-publish","format-standard","has-post-thumbnail","hentry","category-salud"],"jetpack_featured_media_url":"https:\/\/encuentroinformativo.com.mx\/wp-content\/uploads\/2024\/03\/IMG-20240321-WA00301.jpg","jetpack_sharing_enabled":true,"jetpack_likes_enabled":true,"amp_enabled":true,"_links":{"self":[{"href":"https:\/\/encuentroinformativo.com.mx\/index.php?rest_route=\/wp\/v2\/posts\/52252","targetHints":{"allow":["GET"]}}],"collection":[{"href":"https:\/\/encuentroinformativo.com.mx\/index.php?rest_route=\/wp\/v2\/posts"}],"about":[{"href":"https:\/\/encuentroinformativo.com.mx\/index.php?rest_route=\/wp\/v2\/types\/post"}],"author":[{"embeddable":true,"href":"https:\/\/encuentroinformativo.com.mx\/index.php?rest_route=\/wp\/v2\/users\/2476"}],"replies":[{"embeddable":true,"href":"https:\/\/encuentroinformativo.com.mx\/index.php?rest_route=%2Fwp%2Fv2%2Fcomments&post=52252"}],"version-history":[{"count":1,"href":"https:\/\/encuentroinformativo.com.mx\/index.php?rest_route=\/wp\/v2\/posts\/52252\/revisions"}],"predecessor-version":[{"id":52254,"href":"https:\/\/encuentroinformativo.com.mx\/index.php?rest_route=\/wp\/v2\/posts\/52252\/revisions\/52254"}],"wp:featuredmedia":[{"embeddable":true,"href":"https:\/\/encuentroinformativo.com.mx\/index.php?rest_route=\/wp\/v2\/media\/52253"}],"wp:attachment":[{"href":"https:\/\/encuentroinformativo.com.mx\/index.php?rest_route=%2Fwp%2Fv2%2Fmedia&parent=52252"}],"wp:term":[{"taxonomy":"category","embeddable":true,"href":"https:\/\/encuentroinformativo.com.mx\/index.php?rest_route=%2Fwp%2Fv2%2Fcategories&post=52252"},{"taxonomy":"post_tag","embeddable":true,"href":"https:\/\/encuentroinformativo.com.mx\/index.php?rest_route=%2Fwp%2Fv2%2Ftags&post=52252"}],"curies":[{"name":"wp","href":"https:\/\/api.w.org\/{rel}","templated":true}]}}