{"id":52255,"date":"2024-03-21T14:57:55","date_gmt":"2024-03-21T20:57:55","guid":{"rendered":"https:\/\/encuentroinformativo.com.mx\/?p=52255"},"modified":"2024-03-21T14:58:00","modified_gmt":"2024-03-21T20:58:00","slug":"desestima-sedarpa-afectaciones-al-campo-por-sequia","status":"publish","type":"post","link":"https:\/\/encuentroinformativo.com.mx\/?p=52255","title":{"rendered":"Desestima Sedarpa afectaciones al campo por sequ\u00eda"},"content":{"rendered":"\n<p><strong>Dar\u00edo Pale <\/strong><\/p>\n\n\n\n<p>Xalapa, Ver.- Los productores en Veracruz \u201cya est\u00e1n acostumbrados a lidiar con la sequ\u00eda\u201d, por lo que no hay p\u00e9rdidas en el campo, as\u00ed lo dio a conocer el secretario de Desarrollo Agropecuario, Rural y Pesca, Evaristo Ovando Ram\u00edrez,\u00a0<\/p>\n\n\n\n<p>En entrevista el funcionario reconoci\u00f3 que las zonas m\u00e1s afectadas por la sequ\u00eda en Veracruz son las de Naranjos-\u00c1lamo; Paso de Ovejas, Comapa, Soledad Atzompa; as\u00ed como Jes\u00fas Carranza, Hidalgotitl\u00e1n en el sur del estado.\u00a0<\/p>\n\n\n\n<p>Ovando Ram\u00edrez insisti\u00f3 en que la gente ya se acostumbr\u00f3 a lidiar con la sequ\u00eda, hablamos de m\u00e1s de 10 a\u00f1os con sequ\u00edas irregulares.\u00a0<\/p>\n\n\n\n<p>A\u00fan as\u00ed, dijo que est\u00e1n planteando una revisi\u00f3n de la estrategia que se han seguido en el tema de la sequ\u00eda.<\/p>\n\n\n\n<p>Por lo que neg\u00f3 que se hayan registrado p\u00e9rdidas por la escasez de agua, a pesar de los se\u00f1alamientos de este sector que afirman que han sufrido afectaciones.\u00a0<\/p>\n\n\n\n<p>Finalmente dio a conocer que, \u201cno hay p\u00e9rdidas porque la gente se ha acostumbrado a lidiar con la seca y con las ollas de agua tengo un reporte de 4 mil 098 ollas que hay en zonas secas\u201d.<\/p>\n","protected":false},"excerpt":{"rendered":"<p>Dar\u00edo Pale Xalapa, Ver.- Los productores en Veracruz \u201cya est\u00e1n acostumbrados a lidiar con la sequ\u00eda\u201d, por lo que no hay p\u00e9rdidas en el campo, as\u00ed lo dio a conocer el secretario de Desarrollo Agropecuario, Rural y Pesca, Evaristo Ovando Ram\u00edrez,\u00a0 En entrevista el funcionario reconoci\u00f3 que las zonas m\u00e1s afectadas por la sequ\u00eda en [&hellip;]<\/p>\n","protected":false},"author":2476,"featured_media":52256,"comment_status":"open","ping_status":"open","sticky":false,"template":"","format":"standard","meta":{"_jetpack_memberships_contains_paid_content":false,"footnotes":""},"categories":[2],"tags":[],"class_list":["post-52255","post","type-post","status-publish","format-standard","has-post-thumbnail","hentry","category-estado"],"jetpack_featured_media_url":"https:\/\/encuentroinformativo.com.mx\/wp-content\/uploads\/2024\/03\/IMG-20240321-WA0042.jpg","jetpack_sharing_enabled":true,"jetpack_likes_enabled":true,"amp_enabled":true,"_links":{"self":[{"href":"https:\/\/encuentroinformativo.com.mx\/index.php?rest_route=\/wp\/v2\/posts\/52255","targetHints":{"allow":["GET"]}}],"collection":[{"href":"https:\/\/encuentroinformativo.com.mx\/index.php?rest_route=\/wp\/v2\/posts"}],"about":[{"href":"https:\/\/encuentroinformativo.com.mx\/index.php?rest_route=\/wp\/v2\/types\/post"}],"author":[{"embeddable":true,"href":"https:\/\/encuentroinformativo.com.mx\/index.php?rest_route=\/wp\/v2\/users\/2476"}],"replies":[{"embeddable":true,"href":"https:\/\/encuentroinformativo.com.mx\/index.php?rest_route=%2Fwp%2Fv2%2Fcomments&post=52255"}],"version-history":[{"count":1,"href":"https:\/\/encuentroinformativo.com.mx\/index.php?rest_route=\/wp\/v2\/posts\/52255\/revisions"}],"predecessor-version":[{"id":52257,"href":"https:\/\/encuentroinformativo.com.mx\/index.php?rest_route=\/wp\/v2\/posts\/52255\/revisions\/52257"}],"wp:featuredmedia":[{"embeddable":true,"href":"https:\/\/encuentroinformativo.com.mx\/index.php?rest_route=\/wp\/v2\/media\/52256"}],"wp:attachment":[{"href":"https:\/\/encuentroinformativo.com.mx\/index.php?rest_route=%2Fwp%2Fv2%2Fmedia&parent=52255"}],"wp:term":[{"taxonomy":"category","embeddable":true,"href":"https:\/\/encuentroinformativo.com.mx\/index.php?rest_route=%2Fwp%2Fv2%2Fcategories&post=52255"},{"taxonomy":"post_tag","embeddable":true,"href":"https:\/\/encuentroinformativo.com.mx\/index.php?rest_route=%2Fwp%2Fv2%2Ftags&post=52255"}],"curies":[{"name":"wp","href":"https:\/\/api.w.org\/{rel}","templated":true}]}}