{"id":52270,"date":"2024-03-21T10:30:52","date_gmt":"2024-03-21T16:30:52","guid":{"rendered":"https:\/\/encuentroinformativo.com.mx\/?p=52270"},"modified":"2024-03-21T16:34:15","modified_gmt":"2024-03-21T22:34:15","slug":"murio-atropellado-en-las-trancas","status":"publish","type":"post","link":"https:\/\/encuentroinformativo.com.mx\/?p=52270","title":{"rendered":"Muri\u00f3 atropellado en Las Trancas"},"content":{"rendered":"\n<p><strong>Juan Arcos<\/strong><\/p>\n\n\n\n<p>Xalapa, Ver.- Un hombre, de unos 60 a\u00f1os, muri\u00f3 atropellado sobre la carretera federal Xalapa-Veracruz, a la altura de Las Trancas, la ma\u00f1ana de este jueves 21 de marzo.<\/p>\n\n\n\n<p>Los hechos ocurrieron antes de las 8:00 horas, casi frente a una plaza comercial. El cuerpo del se\u00f1or qued\u00f3 tendido sobre la v\u00eda de comunicaci\u00f3n, con direcci\u00f3n hacia el municipio de Emiliano Zapata.<\/p>\n\n\n\n<p>Polic\u00edas viales de la Secretar\u00eda de Seguridad P\u00fablica (SSP) acordonaron la zona y cerraron la circulaci\u00f3n vehicular para que el personal de la Direcci\u00f3n General de Servicios Periciales realizar\u00e1n el levantamiento del cuerpo.<\/p>\n\n\n\n<p>Al sitio tambi\u00e9n arribaron param\u00e9dicos para brindar los primeros auxilios al adulto mayor; sin embargo, ya no contaba con signos vitales.<\/p>\n\n\n\n<p>De acuerdo con testigos, el se\u00f1or cruz\u00f3 la carretera sin hacer uso del puente peatonal que se localiza a solo unos 50 metros de donde ocurri\u00f3 este accidente.<\/p>\n\n\n\n<p>Tambi\u00e9n indicaron que quien atropell\u00f3 a la persona fue el conductor de un veh\u00edculo gris, modelo antiguo. \u00c9l fue detenido por los polic\u00edas y trasladado al cuartel Heriberto Jara Corona, mejor conocido como San Jos\u00e9.<\/p>\n\n\n\n<p>Los pobladores mencionaron que el se\u00f1or realizaba labores de chapeo con frecuencia en la zona de Las Trancas y en la colonia El Olmo; sin embargo, a\u00fan se desconoce su identidad.<\/p>\n\n\n\n<p>El atropellado vest\u00eda camisa roja a cuadros, pantal\u00f3n caf\u00e9 y llevaba un machete envuelto en un costal, as\u00ed como tambi\u00e9n, un sombrero de palma.<\/p>\n\n\n\n<p>El cad\u00e1ver fue trasladado al Servicio M\u00e9dico Forense (Semefo) en espera de que sus familiares acudan para identificarlo y continuar con los tr\u00e1mites de ley.<\/p>\n\n\n\n<figure class=\"wp-block-image size-large\"><img loading=\"lazy\" decoding=\"async\" width=\"1024\" height=\"576\" src=\"https:\/\/encuentroinformativo.com.mx\/wp-content\/uploads\/2024\/03\/Photo_1711060332413-1024x576.jpg\" alt=\"\" class=\"wp-image-52272\" srcset=\"https:\/\/encuentroinformativo.com.mx\/wp-content\/uploads\/2024\/03\/Photo_1711060332413-1024x576.jpg 1024w, https:\/\/encuentroinformativo.com.mx\/wp-content\/uploads\/2024\/03\/Photo_1711060332413-300x169.jpg 300w, https:\/\/encuentroinformativo.com.mx\/wp-content\/uploads\/2024\/03\/Photo_1711060332413-768x432.jpg 768w, https:\/\/encuentroinformativo.com.mx\/wp-content\/uploads\/2024\/03\/Photo_1711060332413-1536x864.jpg 1536w, https:\/\/encuentroinformativo.com.mx\/wp-content\/uploads\/2024\/03\/Photo_1711060332413.jpg 1600w\" sizes=\"auto, (max-width: 1024px) 100vw, 1024px\" \/><\/figure>\n","protected":false},"excerpt":{"rendered":"<p>Juan Arcos Xalapa, Ver.- Un hombre, de unos 60 a\u00f1os, muri\u00f3 atropellado sobre la carretera federal Xalapa-Veracruz, a la altura de Las Trancas, la ma\u00f1ana de este jueves 21 de marzo. Los hechos ocurrieron antes de las 8:00 horas, casi frente a una plaza comercial. El cuerpo del se\u00f1or qued\u00f3 tendido sobre la v\u00eda de [&hellip;]<\/p>\n","protected":false},"author":2476,"featured_media":52271,"comment_status":"open","ping_status":"open","sticky":false,"template":"","format":"standard","meta":{"_jetpack_memberships_contains_paid_content":false,"footnotes":""},"categories":[8],"tags":[],"class_list":["post-52270","post","type-post","status-publish","format-standard","has-post-thumbnail","hentry","category-region"],"jetpack_featured_media_url":"https:\/\/encuentroinformativo.com.mx\/wp-content\/uploads\/2024\/03\/Photo_1711060294094.jpg","jetpack_sharing_enabled":true,"jetpack_likes_enabled":true,"amp_enabled":true,"_links":{"self":[{"href":"https:\/\/encuentroinformativo.com.mx\/index.php?rest_route=\/wp\/v2\/posts\/52270","targetHints":{"allow":["GET"]}}],"collection":[{"href":"https:\/\/encuentroinformativo.com.mx\/index.php?rest_route=\/wp\/v2\/posts"}],"about":[{"href":"https:\/\/encuentroinformativo.com.mx\/index.php?rest_route=\/wp\/v2\/types\/post"}],"author":[{"embeddable":true,"href":"https:\/\/encuentroinformativo.com.mx\/index.php?rest_route=\/wp\/v2\/users\/2476"}],"replies":[{"embeddable":true,"href":"https:\/\/encuentroinformativo.com.mx\/index.php?rest_route=%2Fwp%2Fv2%2Fcomments&post=52270"}],"version-history":[{"count":1,"href":"https:\/\/encuentroinformativo.com.mx\/index.php?rest_route=\/wp\/v2\/posts\/52270\/revisions"}],"predecessor-version":[{"id":52273,"href":"https:\/\/encuentroinformativo.com.mx\/index.php?rest_route=\/wp\/v2\/posts\/52270\/revisions\/52273"}],"wp:featuredmedia":[{"embeddable":true,"href":"https:\/\/encuentroinformativo.com.mx\/index.php?rest_route=\/wp\/v2\/media\/52271"}],"wp:attachment":[{"href":"https:\/\/encuentroinformativo.com.mx\/index.php?rest_route=%2Fwp%2Fv2%2Fmedia&parent=52270"}],"wp:term":[{"taxonomy":"category","embeddable":true,"href":"https:\/\/encuentroinformativo.com.mx\/index.php?rest_route=%2Fwp%2Fv2%2Fcategories&post=52270"},{"taxonomy":"post_tag","embeddable":true,"href":"https:\/\/encuentroinformativo.com.mx\/index.php?rest_route=%2Fwp%2Fv2%2Ftags&post=52270"}],"curies":[{"name":"wp","href":"https:\/\/api.w.org\/{rel}","templated":true}]}}