{"id":52280,"date":"2024-03-21T13:39:57","date_gmt":"2024-03-21T19:39:57","guid":{"rendered":"https:\/\/encuentroinformativo.com.mx\/?p=52280"},"modified":"2024-03-21T21:06:07","modified_gmt":"2024-03-22T03:06:07","slug":"participaran-colectivos-de-veracruz-en-jornada-nacional-de-busqueda","status":"publish","type":"post","link":"https:\/\/encuentroinformativo.com.mx\/?p=52280","title":{"rendered":"Participar\u00e1n colectivos de Veracruz en Jornada Nacional de B\u00fasqueda"},"content":{"rendered":"\n<p><strong>Juan Arcos <\/strong><\/p>\n\n\n\n<p>Xalapa, Ver.- Colectivos del estado de Veracruz se sumar\u00e1n a la Jornada Nacional de B\u00fasqueda el 19 y 20 de abril, as\u00ed como a la marcha nacional del 10 de mayo en la Ciudad de M\u00e9xico.<\/p>\n\n\n\n<p>Maricel Torres Melox, representante del colectivo de b\u00fasqueda \u201cMar\u00eda Herrera\u201dde Poza Rica, indic\u00f3 que planeaban hacer un pronunciamiento p\u00fablico pero no fue posible debido a la violencia que persiste en la zona norte de Veracruz.<\/p>\n\n\n\n<p>\u201cHoy solamente compartimos el comunicado porque estamos limitados. La violencia que impera en esta regi\u00f3n, que es la zona norte del estado, pues no nos permite salir a las calles porque tambi\u00e9n tenemos que cuidarnos, tenemos que cuidarnos nosotros mismos porque queremos durar muchos a\u00f1os m\u00e1s para seguir buscando a nuestros familiares y a nuestras compa\u00f1eras, pero s\u00ed estamos unidos para esa marcha que se va a realizar el 10 de mayo en M\u00e9xico\u201d, expres\u00f3.<\/p>\n\n\n\n<p>Los familiares de personas desaparecidas en la zona norte del estado piden una investigaci\u00f3n exhaustiva y que se incluyan a sus seres queridos en la base de datos gubernamental.<\/p>\n\n\n\n<p>Aunque no pueden salir a las calles por la violencia en la regi\u00f3n, se unen al comunicado nacional y se preparan para participar en la marcha del 10 de mayo en M\u00e9xico para seguir buscando a sus familiares desaparecidos.<\/p>\n\n\n\n<p>\u201cNosotros estamos prepar\u00e1ndonos para poder, para poder estar all\u00e1, para poder gritar el nombre de nuestros familiares, para poder hacer presencia, para seguir siendo esa voz que quisieron borrar, para seguir siendo esa voz de nuestros hijos, porque nosotros los seguiremos buscando, pase lo que pase, se acabe comisi\u00f3n o no se acabe. Nosotros vamos a seguir luchando por nuestros familiares\u201d.<\/p>\n\n\n\n<p>En un pronunciamiento nacional, indicaron que desde hace tres meses, m\u00e1s de 300 buscadoras y buscadores de M\u00e9xico y Centroam\u00e9rica, que representan a 250 colectivos de familiares de personas desaparecidas, se encuentran en un proceso de unificaci\u00f3n nacional de familiares de personas desaparecidas.<\/p>\n\n\n\n<p>\u201cEsa cifra tan peque\u00f1a que han dicho que a nosotros no nos parece porque sabemos que no es ni la m\u00ednima parte de las personas desaparecidas, que son miles ya los que est\u00e1n desaparecidos. Hoy solamente compartimos el comunicado porque estamos limitados\u201d, a\u00f1adi\u00f3 Maricel Torres.<\/p>\n","protected":false},"excerpt":{"rendered":"<p>Juan Arcos Xalapa, Ver.- Colectivos del estado de Veracruz se sumar\u00e1n a la Jornada Nacional de B\u00fasqueda el 19 y 20 de abril, as\u00ed como a la marcha nacional del 10 de mayo en la Ciudad de M\u00e9xico. Maricel Torres Melox, representante del colectivo de b\u00fasqueda \u201cMar\u00eda Herrera\u201dde Poza Rica, indic\u00f3 que planeaban hacer un [&hellip;]<\/p>\n","protected":false},"author":2476,"featured_media":52281,"comment_status":"open","ping_status":"open","sticky":false,"template":"","format":"standard","meta":{"_jetpack_memberships_contains_paid_content":false,"footnotes":""},"categories":[2],"tags":[],"class_list":["post-52280","post","type-post","status-publish","format-standard","has-post-thumbnail","hentry","category-estado"],"jetpack_featured_media_url":"https:\/\/encuentroinformativo.com.mx\/wp-content\/uploads\/2024\/03\/IMG_6843.jpg","jetpack_sharing_enabled":true,"jetpack_likes_enabled":true,"amp_enabled":true,"_links":{"self":[{"href":"https:\/\/encuentroinformativo.com.mx\/index.php?rest_route=\/wp\/v2\/posts\/52280","targetHints":{"allow":["GET"]}}],"collection":[{"href":"https:\/\/encuentroinformativo.com.mx\/index.php?rest_route=\/wp\/v2\/posts"}],"about":[{"href":"https:\/\/encuentroinformativo.com.mx\/index.php?rest_route=\/wp\/v2\/types\/post"}],"author":[{"embeddable":true,"href":"https:\/\/encuentroinformativo.com.mx\/index.php?rest_route=\/wp\/v2\/users\/2476"}],"replies":[{"embeddable":true,"href":"https:\/\/encuentroinformativo.com.mx\/index.php?rest_route=%2Fwp%2Fv2%2Fcomments&post=52280"}],"version-history":[{"count":1,"href":"https:\/\/encuentroinformativo.com.mx\/index.php?rest_route=\/wp\/v2\/posts\/52280\/revisions"}],"predecessor-version":[{"id":52282,"href":"https:\/\/encuentroinformativo.com.mx\/index.php?rest_route=\/wp\/v2\/posts\/52280\/revisions\/52282"}],"wp:featuredmedia":[{"embeddable":true,"href":"https:\/\/encuentroinformativo.com.mx\/index.php?rest_route=\/wp\/v2\/media\/52281"}],"wp:attachment":[{"href":"https:\/\/encuentroinformativo.com.mx\/index.php?rest_route=%2Fwp%2Fv2%2Fmedia&parent=52280"}],"wp:term":[{"taxonomy":"category","embeddable":true,"href":"https:\/\/encuentroinformativo.com.mx\/index.php?rest_route=%2Fwp%2Fv2%2Fcategories&post=52280"},{"taxonomy":"post_tag","embeddable":true,"href":"https:\/\/encuentroinformativo.com.mx\/index.php?rest_route=%2Fwp%2Fv2%2Ftags&post=52280"}],"curies":[{"name":"wp","href":"https:\/\/api.w.org\/{rel}","templated":true}]}}