{"id":5230,"date":"2020-08-26T10:02:25","date_gmt":"2020-08-26T15:02:25","guid":{"rendered":"https:\/\/encuentroinformativo.com\/?p=5230"},"modified":"2020-08-26T10:02:28","modified_gmt":"2020-08-26T15:02:28","slug":"morena-por-grupo-mas","status":"publish","type":"post","link":"https:\/\/encuentroinformativo.com.mx\/?p=5230","title":{"rendered":"Morena, por Grupo MAS"},"content":{"rendered":"\n<p><strong>Los Pol\u00edticos<\/strong><\/p>\n\n\n\n<p><strong>Salvador Mu\u00f1oz<\/strong><\/p>\n\n\n\n<p>Hace casi una semana, el director de Enlace con los Congresos Estatales de la secretar\u00eda de Gobernaci\u00f3n, Carlos de la Portilla Rodr\u00edguez, se reuni\u00f3 con Juan Javier G\u00f3mez Cazar\u00edn donde se habl\u00f3 de los proyectos a continuar en el pr\u00f3ximo periodo legislativo, con el prop\u00f3sito de dar resultados a los veracruzanos. De acuerdo a lo expresado por el funcionario federal, el Congreso local de Veracruz ocupa los primeros lugares en acciones legislativas, entre las que destaca recientemente, la reforma en torno a las prerrogativas de los partidos. Quiz\u00e1s por ello, si otra cosa no sucede, se tiene planeado que la capital veracruzana sea sede de la Reuni\u00f3n de representantes de las Juntas de Coordinaci\u00f3n Pol\u00edtica del pa\u00eds\u2026 falta por confirmarlo\u2026 como tambi\u00e9n falta que se confirme una de las pretensiones que la bancada de Morena trae entre manos para aplicar en la zona conurbada de Veracruz, Boca del R\u00edo y Medell\u00edn: buscar el retiro de la concesi\u00f3n del servicio de agua potable al Grupo MAS.<\/p>\n\n\n\n<p>Apenas hace dos meses, la Profeco anunciaba multas para esta empresa por quejas de una treintena de usuarios de la zona de Veracruz y Medell\u00edn, que reclamaron por el suministro de agua de mala calidad y cobros irregulares. Esos 30, s\u00f3lo son una parte de un conjunto de m\u00e1s de 500 que se presentaron ante la Profeco que estar\u00edan en v\u00edas de resoluci\u00f3n.<\/p>\n\n\n\n<p>Agregue que en julio, ex empleados de la desaparecida SAS se manifestaron y se\u00f1alaban que el agua de consumo dom\u00e9stico que MAS proporciona, tiene bacterias fecales, junto con la falta de saneamiento de las aguas residuales y rezago en infraestructura hidr\u00e1ulica\u2026<\/p>\n\n\n\n<p>\u00a1Vamos! Hace un a\u00f1o circul\u00f3 por las redes una petici\u00f3n de Change.org dirigida al Gobernador Cuitl\u00e1huac Garc\u00eda Jim\u00e9nez para que retire la concesi\u00f3n que tiene por 30 a\u00f1os al Grupo MAS no s\u00f3lo por las fallas del servicio de agua potable y alcantarillado, o porque la empresa ponga las tarifas muy altas aun cuando sea Xalapa la que aparezca entre las 10 ciudades con el precio m\u00e1s elevado en su servicio en el pa\u00eds.<\/p>\n\n\n\n<p>Insisto\u2026 falta por confirmar que Morena busque el retiro de la concesi\u00f3n, cuando en el 2015, durante el gobierno de Javier Duarte, los legisladores del Congreso local aprobaron la privatizaci\u00f3n del Sistema de Agua y Saneamiento (SAS) de la zona Veracruz, Boca del R\u00edo y Medell\u00edn.<\/p>\n\n\n\n<p>Un dato m\u00e1s: Se asegura que Grupo MAS es una sociedad conformada por Odebrecht (tema que es moda en la 4T con Emilio Lozoya y sus se\u00f1alamientos) y la espa\u00f1ola Aguas de Barcelona, concesionaria actual de este servicio.<\/p>\n\n\n\n<p>Ahora, supongamos que se hiciera efectiva la iniciativa de retirar la concesi\u00f3n que por 30 a\u00f1os tiene Grupo MAS\u2026 no importa cu\u00e1nto tiempo se tarden para hacerlo, pero igual ser\u00eda una excelente bandera de campa\u00f1a para los cuasi candidatos de Morena por el Puerto y Boca del R\u00edo, Rosa Mar\u00eda Hern\u00e1ndez Espejo y Ram\u00f3n \u00c1lvarez porque hay que tomar en cuenta una cosa: Estas elecciones intermedias, Morena tiene la oportunidad de hacer historia en el Puerto si las pugnas internas en el PAN (partido que gobierna) se mantienen y est\u00e1 claro que van para largo y si hay algo que le causa escozor al porte\u00f1o, al boque\u00f1o y al de Medell\u00edn, es todo aquello que repercute en su bolsillo (bueno, a todos), no dejar\u00eda de sonar bonito que te prometan bajar la tarifa del agua\u2026 \u00a1y ojo! porque igual ser\u00eda interesante conocer la posici\u00f3n de los diputados potenciales candidatos del PAN por las alcald\u00edas de esta zona\u2026 insisto: falta confirmar si Morena va por Grupo MAS\u2026 mientras, todo es especulaci\u00f3n.<br><\/p>\n\n\n\n<p><a href=\"mailto:smcainito@gmail.com\" target=\"_blank\" rel=\"noreferrer noopener\">smcainito@gmail.com<\/a><\/p>\n","protected":false},"excerpt":{"rendered":"<p>Los Pol\u00edticos Salvador Mu\u00f1oz Hace casi una semana, el director de Enlace con los Congresos Estatales de la secretar\u00eda de Gobernaci\u00f3n, Carlos de la Portilla Rodr\u00edguez, se reuni\u00f3 con Juan Javier G\u00f3mez Cazar\u00edn donde se habl\u00f3 de los proyectos a continuar en el pr\u00f3ximo periodo legislativo, con el prop\u00f3sito de dar resultados a los veracruzanos. [&hellip;]<\/p>\n","protected":false},"author":1,"featured_media":387,"comment_status":"open","ping_status":"open","sticky":false,"template":"","format":"standard","meta":{"_jetpack_memberships_contains_paid_content":false,"footnotes":""},"categories":[11],"tags":[],"class_list":["post-5230","post","type-post","status-publish","format-standard","has-post-thumbnail","hentry","category-opinion"],"jetpack_featured_media_url":"https:\/\/encuentroinformativo.com.mx\/wp-content\/uploads\/2020\/03\/7CF8A22B-2764-47BE-8F7F-38FE9E5D6A2F.jpeg","jetpack_sharing_enabled":true,"jetpack_likes_enabled":true,"amp_enabled":true,"_links":{"self":[{"href":"https:\/\/encuentroinformativo.com.mx\/index.php?rest_route=\/wp\/v2\/posts\/5230","targetHints":{"allow":["GET"]}}],"collection":[{"href":"https:\/\/encuentroinformativo.com.mx\/index.php?rest_route=\/wp\/v2\/posts"}],"about":[{"href":"https:\/\/encuentroinformativo.com.mx\/index.php?rest_route=\/wp\/v2\/types\/post"}],"author":[{"embeddable":true,"href":"https:\/\/encuentroinformativo.com.mx\/index.php?rest_route=\/wp\/v2\/users\/1"}],"replies":[{"embeddable":true,"href":"https:\/\/encuentroinformativo.com.mx\/index.php?rest_route=%2Fwp%2Fv2%2Fcomments&post=5230"}],"version-history":[{"count":1,"href":"https:\/\/encuentroinformativo.com.mx\/index.php?rest_route=\/wp\/v2\/posts\/5230\/revisions"}],"predecessor-version":[{"id":5231,"href":"https:\/\/encuentroinformativo.com.mx\/index.php?rest_route=\/wp\/v2\/posts\/5230\/revisions\/5231"}],"wp:featuredmedia":[{"embeddable":true,"href":"https:\/\/encuentroinformativo.com.mx\/index.php?rest_route=\/wp\/v2\/media\/387"}],"wp:attachment":[{"href":"https:\/\/encuentroinformativo.com.mx\/index.php?rest_route=%2Fwp%2Fv2%2Fmedia&parent=5230"}],"wp:term":[{"taxonomy":"category","embeddable":true,"href":"https:\/\/encuentroinformativo.com.mx\/index.php?rest_route=%2Fwp%2Fv2%2Fcategories&post=5230"},{"taxonomy":"post_tag","embeddable":true,"href":"https:\/\/encuentroinformativo.com.mx\/index.php?rest_route=%2Fwp%2Fv2%2Ftags&post=5230"}],"curies":[{"name":"wp","href":"https:\/\/api.w.org\/{rel}","templated":true}]}}