{"id":52300,"date":"2024-03-22T13:23:51","date_gmt":"2024-03-22T19:23:51","guid":{"rendered":"https:\/\/encuentroinformativo.com.mx\/?p=52300"},"modified":"2024-03-22T13:23:57","modified_gmt":"2024-03-22T19:23:57","slug":"participarian-mas-de-50-mil-trabajadores-en-desfile-del-primero-de-mayo","status":"publish","type":"post","link":"https:\/\/encuentroinformativo.com.mx\/?p=52300","title":{"rendered":"Participar\u00edan m\u00e1s de 50 mil trabajadores en desfile del primero de mayo"},"content":{"rendered":"\n<p><strong>Dar\u00edo Pale <\/strong><\/p>\n\n\n\n<p>Xalapa, Ver.- Marchar\u00e1n m\u00e1s de 50 mil trabajadores en desfile del 1 de mayo, en Xalapa, las Organizaciones afines a partidos pol\u00edticos tienen derecho a sumarse, siempre y cuando respeten el orden que se les d\u00e9.<\/p>\n\n\n\n<p>En conferencia de prensa la Comisi\u00f3n Coordinadora del desfile llam\u00f3 a todos aquellos que quieran adherirse, como partidos pol\u00edticos u organizaciones afines, a que respeten el orden existente, por lo que este 1 de mayo marchar\u00e1n alrededor de 50 mil trabajadores de las distintas organizaciones, sin embargo,\u00a0<\/p>\n\n\n\n<p>El presidente de la Comisi\u00f3n Coordinadora del desfile, Pablo Jim\u00e9nez Ayala, asegur\u00f3 que el comit\u00e9 organizador no est\u00e1 politizado y record\u00f3 que antes participaban los partidos pol\u00edticos como el PRD, PAN o el PRI, pero se fueron haciendo a un lado.\u00a0<\/p>\n\n\n\n<p>\u201cEl a\u00f1o pasado se acercaron dos grupos pertenecientes a un partido pol\u00edtico para pedir su inclusi\u00f3n en el desfile, es un derecho que tienen que no podemos privar porque vienen trabajadores, traen un contingente de varios sectores&#8221;, se\u00f1al\u00f3.<\/p>\n\n\n\n<p>&#8220;Se les dijo que pod\u00edan desfilar siempre y cuando respetaran el orden que ya tenemos elaborado para evitar conflictos como el que vivimos en 1999 cuando hab\u00eda intransigencias\u201d, agreg\u00f3.<\/p>\n\n\n\n<p>El l\u00edder de los Vendedores Independientes solicit\u00f3 que si alguien m\u00e1s quiere integrarse, puede hacerlo, pero debe respetar el lugar que se le d\u00e9.\u00a0<br>Por su parte, el secretario general de la CTM en Veracruz, Carlos Aceves Amezcua, expuso que el 1 de mayo los trabajadores saldr\u00e1n a manifestar sus inquietudes.\u00a0<\/p>\n\n\n\n<p>\u201cAqu\u00ed hay organizaciones como el sindicato de Fesapauv, el MOPI, VIVE, la CROC, Secci\u00f3n 56 del SNTE, la Secci\u00f3n 32, como el Sindicato Democr\u00e1tico de Trabajadores de la Educaci\u00f3n, del Poder Judicial, de empresa y Gobierno integrados a esta dirigencia de la organizaci\u00f3n del desfile&#8221;, coment\u00f3.<\/p>\n\n\n\n<p>Finalmente dio a conocer que, &#8220;estaremos desfilando ese 1 de mayo, los queremos ver ah\u00ed, pretendemos hacerlo con todo el orden, con toda dignidad y respeto que merece la clase trabajadora\u201d.<\/p>\n","protected":false},"excerpt":{"rendered":"<p>Dar\u00edo Pale Xalapa, Ver.- Marchar\u00e1n m\u00e1s de 50 mil trabajadores en desfile del 1 de mayo, en Xalapa, las Organizaciones afines a partidos pol\u00edticos tienen derecho a sumarse, siempre y cuando respeten el orden que se les d\u00e9. En conferencia de prensa la Comisi\u00f3n Coordinadora del desfile llam\u00f3 a todos aquellos que quieran adherirse, como [&hellip;]<\/p>\n","protected":false},"author":2476,"featured_media":52301,"comment_status":"open","ping_status":"open","sticky":false,"template":"","format":"standard","meta":{"_jetpack_memberships_contains_paid_content":false,"footnotes":""},"categories":[3],"tags":[],"class_list":["post-52300","post","type-post","status-publish","format-standard","has-post-thumbnail","hentry","category-xalapa"],"jetpack_featured_media_url":"https:\/\/encuentroinformativo.com.mx\/wp-content\/uploads\/2024\/03\/IMG-20240322-WA0066.jpg","jetpack_sharing_enabled":true,"jetpack_likes_enabled":true,"amp_enabled":true,"_links":{"self":[{"href":"https:\/\/encuentroinformativo.com.mx\/index.php?rest_route=\/wp\/v2\/posts\/52300","targetHints":{"allow":["GET"]}}],"collection":[{"href":"https:\/\/encuentroinformativo.com.mx\/index.php?rest_route=\/wp\/v2\/posts"}],"about":[{"href":"https:\/\/encuentroinformativo.com.mx\/index.php?rest_route=\/wp\/v2\/types\/post"}],"author":[{"embeddable":true,"href":"https:\/\/encuentroinformativo.com.mx\/index.php?rest_route=\/wp\/v2\/users\/2476"}],"replies":[{"embeddable":true,"href":"https:\/\/encuentroinformativo.com.mx\/index.php?rest_route=%2Fwp%2Fv2%2Fcomments&post=52300"}],"version-history":[{"count":1,"href":"https:\/\/encuentroinformativo.com.mx\/index.php?rest_route=\/wp\/v2\/posts\/52300\/revisions"}],"predecessor-version":[{"id":52302,"href":"https:\/\/encuentroinformativo.com.mx\/index.php?rest_route=\/wp\/v2\/posts\/52300\/revisions\/52302"}],"wp:featuredmedia":[{"embeddable":true,"href":"https:\/\/encuentroinformativo.com.mx\/index.php?rest_route=\/wp\/v2\/media\/52301"}],"wp:attachment":[{"href":"https:\/\/encuentroinformativo.com.mx\/index.php?rest_route=%2Fwp%2Fv2%2Fmedia&parent=52300"}],"wp:term":[{"taxonomy":"category","embeddable":true,"href":"https:\/\/encuentroinformativo.com.mx\/index.php?rest_route=%2Fwp%2Fv2%2Fcategories&post=52300"},{"taxonomy":"post_tag","embeddable":true,"href":"https:\/\/encuentroinformativo.com.mx\/index.php?rest_route=%2Fwp%2Fv2%2Ftags&post=52300"}],"curies":[{"name":"wp","href":"https:\/\/api.w.org\/{rel}","templated":true}]}}