{"id":52315,"date":"2024-03-22T16:47:05","date_gmt":"2024-03-22T22:47:05","guid":{"rendered":"https:\/\/encuentroinformativo.com.mx\/?p=52315"},"modified":"2024-03-22T16:47:10","modified_gmt":"2024-03-22T22:47:10","slug":"coronan-a-reyes-del-carnaval-de-tlalixcoyan","status":"publish","type":"post","link":"https:\/\/encuentroinformativo.com.mx\/?p=52315","title":{"rendered":"Coronan a Reyes del Carnaval de Tlalixcoyan"},"content":{"rendered":"\n<p><strong>Alejandro \u00c1vila<\/strong><\/p>\n\n\n\n<p>Tlalixcoyan, Ver.- Este viernes por la tarde se coronar\u00e1 a los Reyes del Carnaval de Tlalixcoyan; al finalizar el evento, se tendr\u00e1 el magno concierto de Roberto Montalvo, imitador de Juan Gabriel.<\/p>\n\n\n\n<p>Mar\u00eda Fernanda Cruz Hern\u00e1ndez ser\u00e1 coronada como Reina de Carnaval; Alejandro Ortiz Patraca como Rey de la Alegr\u00eda; e Ivana Vel\u00e1zquez Castro como Reina de la Comunidad LGBTQ+.<\/p>\n\n\n\n<p>Este jueves por la noche se llev\u00f3 a cabo la Quema del Mal Humor; previo a ello la tradicional Mojiganga.<\/p>\n\n\n\n<p>El Carnaval de Tlalixcoyan 2024 se desarrollar\u00e1 hasta el 26 de marzo en la cabecera municipal de dicha localidad.<\/p>\n\n\n\n<p>Asimismo, durante la lectura del bando de la quema se destac\u00f3 que esta festividad, al igual que la pasada edici\u00f3n, ser\u00e1 un carnaval sin pirotecnia, emp\u00e1tica con los animales, con las personas adultas mayores y con discapacidad, a quienes les generan diversas molestias.<\/p>\n\n\n\n<p>Para cerrar las actividades, se present\u00f3 cantante tlalixcoyano Arturo Chaparro \u201cEl Consentido de la Cumbia\u201d, quien puso a bailar y cantar a las y los asistentes.<\/p>\n","protected":false},"excerpt":{"rendered":"<p>Alejandro \u00c1vila Tlalixcoyan, Ver.- Este viernes por la tarde se coronar\u00e1 a los Reyes del Carnaval de Tlalixcoyan; al finalizar el evento, se tendr\u00e1 el magno concierto de Roberto Montalvo, imitador de Juan Gabriel. Mar\u00eda Fernanda Cruz Hern\u00e1ndez ser\u00e1 coronada como Reina de Carnaval; Alejandro Ortiz Patraca como Rey de la Alegr\u00eda; e Ivana Vel\u00e1zquez [&hellip;]<\/p>\n","protected":false},"author":2476,"featured_media":52316,"comment_status":"open","ping_status":"open","sticky":false,"template":"","format":"standard","meta":{"_jetpack_memberships_contains_paid_content":false,"footnotes":""},"categories":[2],"tags":[],"class_list":["post-52315","post","type-post","status-publish","format-standard","has-post-thumbnail","hentry","category-estado"],"jetpack_featured_media_url":"https:\/\/encuentroinformativo.com.mx\/wp-content\/uploads\/2024\/03\/IMG-20240322-WA0107.jpg","jetpack_sharing_enabled":true,"jetpack_likes_enabled":true,"amp_enabled":true,"_links":{"self":[{"href":"https:\/\/encuentroinformativo.com.mx\/index.php?rest_route=\/wp\/v2\/posts\/52315","targetHints":{"allow":["GET"]}}],"collection":[{"href":"https:\/\/encuentroinformativo.com.mx\/index.php?rest_route=\/wp\/v2\/posts"}],"about":[{"href":"https:\/\/encuentroinformativo.com.mx\/index.php?rest_route=\/wp\/v2\/types\/post"}],"author":[{"embeddable":true,"href":"https:\/\/encuentroinformativo.com.mx\/index.php?rest_route=\/wp\/v2\/users\/2476"}],"replies":[{"embeddable":true,"href":"https:\/\/encuentroinformativo.com.mx\/index.php?rest_route=%2Fwp%2Fv2%2Fcomments&post=52315"}],"version-history":[{"count":1,"href":"https:\/\/encuentroinformativo.com.mx\/index.php?rest_route=\/wp\/v2\/posts\/52315\/revisions"}],"predecessor-version":[{"id":52317,"href":"https:\/\/encuentroinformativo.com.mx\/index.php?rest_route=\/wp\/v2\/posts\/52315\/revisions\/52317"}],"wp:featuredmedia":[{"embeddable":true,"href":"https:\/\/encuentroinformativo.com.mx\/index.php?rest_route=\/wp\/v2\/media\/52316"}],"wp:attachment":[{"href":"https:\/\/encuentroinformativo.com.mx\/index.php?rest_route=%2Fwp%2Fv2%2Fmedia&parent=52315"}],"wp:term":[{"taxonomy":"category","embeddable":true,"href":"https:\/\/encuentroinformativo.com.mx\/index.php?rest_route=%2Fwp%2Fv2%2Fcategories&post=52315"},{"taxonomy":"post_tag","embeddable":true,"href":"https:\/\/encuentroinformativo.com.mx\/index.php?rest_route=%2Fwp%2Fv2%2Ftags&post=52315"}],"curies":[{"name":"wp","href":"https:\/\/api.w.org\/{rel}","templated":true}]}}