{"id":52318,"date":"2024-03-22T16:52:25","date_gmt":"2024-03-22T22:52:25","guid":{"rendered":"https:\/\/encuentroinformativo.com.mx\/?p=52318"},"modified":"2024-03-22T16:52:31","modified_gmt":"2024-03-22T22:52:31","slug":"posponen-audiencia-de-elisa-zaldivar","status":"publish","type":"post","link":"https:\/\/encuentroinformativo.com.mx\/?p=52318","title":{"rendered":"Posponen audiencia de Elisa Zald\u00edvar"},"content":{"rendered":"\n<p><strong>Juan Arcos <\/strong><\/p>\n\n\n\n<p>Xalapa, Ver.- Elisa Mar\u00eda Zald\u00edvar Barcelata, v\u00edctima de violencia vicaria, denunci\u00f3 que la audiencia programada el jueves 21 de marzo, para la restituci\u00f3n de sus hijos, fue postergada para el pr\u00f3ximo 2 de abril.<\/p>\n\n\n\n<p>Ella lucha por la custodia de sus hijos y busca reencontrarse con sus peque\u00f1os Kin y Le\u00f3n. Elisa esper\u00f3 tres a\u00f1os para la celebraci\u00f3n de una audiencia, en busca de justicia en el caso, pero \u00e9sta ha sido muy lenta.<\/p>\n\n\n\n<p>La audiencia estaba programada para el jueves 21 de marzo, a las 14:00 horas, en el Centro de Justicia Penal Oral, ubicado sobre la avenida Jim\u00e9nez Sur y prolongaci\u00f3n Cuauht\u00e9moc, en la colonia Vistamar del puerto de Veracruz.<\/p>\n\n\n\n<p>\u201cLa audiencia no se llev\u00f3 a cabo porque la fiscal no se present\u00f3. Le mandaron un oficio diciendo que no se presentara, que acudiera a otra audiencia. Y que no se presentara, que acudiera a la otra. Entonces, pues, se cambi\u00f3 para el 2 de abril\u201d, detall\u00f3.<\/p>\n\n\n\n<p>La tarde del jueves, Elisa se manifest\u00f3 de manera pac\u00edfica afuera de la Ciudad Judicial junto a m\u00e1s mujeres para exigir justicia en su caso.<\/p>\n\n\n\n<p>En el lugar record\u00f3 que tuvo que cambiar su lugar de residencia a Quintana Roo, tras las amenazas de muerte y agresiones por parte de su expareja Juan Eugenio &#8220;N&#8221;, quien amparado por la \u201cviolencia institucional\u201d y por el abuso de autoridad de sus familiares. Ellos se desempe\u00f1an como servidores p\u00fablicos en el Poder Judicial y en el Gobierno del Estado de Veracruz, y han influido en el caso contra Elisa.<\/p>\n\n\n\n<p>Su expareja la mantuvo en prisi\u00f3n por delitos que no cometi\u00f3 y, a pesar de que existe una orden judicial para la restituci\u00f3n de los menores, a\u00fan no ha sido acatada. Zald\u00edvar Barcelata estuvo recluida seis meses en el Centro de Readaptaci\u00f3n Social de Canc\u00fan, estado de Quintana un Roo. El 1 de mayo de 2023 obtuvo su libertad pero no ha podido reencontrarse con sus hijos.<\/p>\n\n\n\n<p>Elisa Mar\u00eda ahora es activista, miembro de diversas colectivas estatales y nacionales en la defensa de los derechos de la libertad de las mujeres. Es vocera del Frente Feminista de Quintana Roo y adem\u00e1s, forma parte de la colectiva \u201cJusticia para madres e infancias en el Estado de Veracruz\u201d, entre otras.<\/p>\n","protected":false},"excerpt":{"rendered":"<p>Juan Arcos Xalapa, Ver.- Elisa Mar\u00eda Zald\u00edvar Barcelata, v\u00edctima de violencia vicaria, denunci\u00f3 que la audiencia programada el jueves 21 de marzo, para la restituci\u00f3n de sus hijos, fue postergada para el pr\u00f3ximo 2 de abril. Ella lucha por la custodia de sus hijos y busca reencontrarse con sus peque\u00f1os Kin y Le\u00f3n. Elisa esper\u00f3 [&hellip;]<\/p>\n","protected":false},"author":2476,"featured_media":52319,"comment_status":"open","ping_status":"open","sticky":false,"template":"","format":"standard","meta":{"_jetpack_memberships_contains_paid_content":false,"footnotes":""},"categories":[2],"tags":[],"class_list":["post-52318","post","type-post","status-publish","format-standard","has-post-thumbnail","hentry","category-estado"],"jetpack_featured_media_url":"https:\/\/encuentroinformativo.com.mx\/wp-content\/uploads\/2024\/03\/7d38c465-97a4-4e52-8406-7b8d004c21d32.jpg","jetpack_sharing_enabled":true,"jetpack_likes_enabled":true,"amp_enabled":true,"_links":{"self":[{"href":"https:\/\/encuentroinformativo.com.mx\/index.php?rest_route=\/wp\/v2\/posts\/52318","targetHints":{"allow":["GET"]}}],"collection":[{"href":"https:\/\/encuentroinformativo.com.mx\/index.php?rest_route=\/wp\/v2\/posts"}],"about":[{"href":"https:\/\/encuentroinformativo.com.mx\/index.php?rest_route=\/wp\/v2\/types\/post"}],"author":[{"embeddable":true,"href":"https:\/\/encuentroinformativo.com.mx\/index.php?rest_route=\/wp\/v2\/users\/2476"}],"replies":[{"embeddable":true,"href":"https:\/\/encuentroinformativo.com.mx\/index.php?rest_route=%2Fwp%2Fv2%2Fcomments&post=52318"}],"version-history":[{"count":1,"href":"https:\/\/encuentroinformativo.com.mx\/index.php?rest_route=\/wp\/v2\/posts\/52318\/revisions"}],"predecessor-version":[{"id":52320,"href":"https:\/\/encuentroinformativo.com.mx\/index.php?rest_route=\/wp\/v2\/posts\/52318\/revisions\/52320"}],"wp:featuredmedia":[{"embeddable":true,"href":"https:\/\/encuentroinformativo.com.mx\/index.php?rest_route=\/wp\/v2\/media\/52319"}],"wp:attachment":[{"href":"https:\/\/encuentroinformativo.com.mx\/index.php?rest_route=%2Fwp%2Fv2%2Fmedia&parent=52318"}],"wp:term":[{"taxonomy":"category","embeddable":true,"href":"https:\/\/encuentroinformativo.com.mx\/index.php?rest_route=%2Fwp%2Fv2%2Fcategories&post=52318"},{"taxonomy":"post_tag","embeddable":true,"href":"https:\/\/encuentroinformativo.com.mx\/index.php?rest_route=%2Fwp%2Fv2%2Ftags&post=52318"}],"curies":[{"name":"wp","href":"https:\/\/api.w.org\/{rel}","templated":true}]}}