{"id":5232,"date":"2020-08-26T12:00:19","date_gmt":"2020-08-26T17:00:19","guid":{"rendered":"https:\/\/encuentroinformativo.com\/?p=5232"},"modified":"2020-08-26T12:00:28","modified_gmt":"2020-08-26T17:00:28","slug":"se-quejan-por-aumento-en-tarifas-de-agua","status":"publish","type":"post","link":"https:\/\/encuentroinformativo.com.mx\/?p=5232","title":{"rendered":"Se quejan por aumento en tarifas de agua"},"content":{"rendered":"\n<p><strong>Juan Arcos <\/strong><\/p>\n\n\n\n<p>Xalapa, Ver.- Pobladores de la unidad habitacional Las Fuentes denunciaron un aumento en las tarifas por el servicio de agua potable.<\/p>\n\n\n\n<p>De acuerdo con Mar\u00eda Fern\u00e1ndez, vecina de esa zona, el recibo ha llegado a su domicilio 25 pesos m\u00e1s caro, cuando su consumo mensual es menor durante esta temporada.<\/p>\n\n\n\n<p>La entrevistada detall\u00f3 que cada tercer d\u00eda no hay servicio de agua por la temporada de estiaje y el calendario en la distribuci\u00f3n hidr\u00e1ulica.<\/p>\n\n\n\n<p>\u201cEs menos el consumo, pues estamos dos d\u00edas sin agua, cada tercer d\u00eda, yo considero que es una injusticia\u201d.<\/p>\n\n\n\n<p>La adulta mayor indic\u00f3 que no puede realizar su pago anual a la Comisi\u00f3n Municipal de Agua y Saneamiento (CMAS), pues carece de recursos para ello.<\/p>\n\n\n\n<p>\u201cQuiero que tomen en cuenta que en estos tiempos de pandemia, uno no tiene la solvencia econ\u00f3mica para estos aumentos injustificados\u201d.<\/p>\n\n\n\n<p>Los vecinos pidieron a las autoridades municipales que supervisen los cobros que realiza CMAS.<\/p>\n\n\n\n<p>El pasado 18 de agosto, el presidente municipal de Xalapa, Hip\u00f3lito Rodr\u00edguez Herrero, reconoci\u00f3 que la Comisi\u00f3n Municipal de Agua y Saneamiento est\u00e1 \u201ccobrando aire\u201c en lugar de agua.<\/p>\n\n\n\n<p>El edil explic\u00f3 que dicha situaci\u00f3n ocurre a causa de los tandeos, pues disminuye el flujo de agua y comienza a circular aire en los medidores.<\/p>\n\n\n\n<p>\u201cYa tiene CMAS la instrucci\u00f3n de no cobrar aire, evidentemente no puede ser eso, afortunadamente son situaciones de excepci\u00f3n, en general se est\u00e1 cobrando lo correcto\u201d, asegur\u00f3 el Alcalde.<\/p>\n\n\n\n<p><\/p>\n","protected":false},"excerpt":{"rendered":"<p>Juan Arcos Xalapa, Ver.- Pobladores de la unidad habitacional Las Fuentes denunciaron un aumento en las tarifas por el servicio de agua potable. De acuerdo con Mar\u00eda Fern\u00e1ndez, vecina de esa zona, el recibo ha llegado a su domicilio 25 pesos m\u00e1s caro, cuando su consumo mensual es menor durante esta temporada. La entrevistada detall\u00f3 [&hellip;]<\/p>\n","protected":false},"author":1,"featured_media":5233,"comment_status":"open","ping_status":"open","sticky":false,"template":"","format":"standard","meta":{"_jetpack_memberships_contains_paid_content":false,"footnotes":""},"categories":[3],"tags":[],"class_list":["post-5232","post","type-post","status-publish","format-standard","has-post-thumbnail","hentry","category-xalapa"],"jetpack_featured_media_url":"https:\/\/encuentroinformativo.com.mx\/wp-content\/uploads\/2020\/08\/FE70CBB6-09F8-43EE-9DB5-716D978BEA8C.jpeg","jetpack_sharing_enabled":true,"jetpack_likes_enabled":true,"amp_enabled":true,"_links":{"self":[{"href":"https:\/\/encuentroinformativo.com.mx\/index.php?rest_route=\/wp\/v2\/posts\/5232","targetHints":{"allow":["GET"]}}],"collection":[{"href":"https:\/\/encuentroinformativo.com.mx\/index.php?rest_route=\/wp\/v2\/posts"}],"about":[{"href":"https:\/\/encuentroinformativo.com.mx\/index.php?rest_route=\/wp\/v2\/types\/post"}],"author":[{"embeddable":true,"href":"https:\/\/encuentroinformativo.com.mx\/index.php?rest_route=\/wp\/v2\/users\/1"}],"replies":[{"embeddable":true,"href":"https:\/\/encuentroinformativo.com.mx\/index.php?rest_route=%2Fwp%2Fv2%2Fcomments&post=5232"}],"version-history":[{"count":1,"href":"https:\/\/encuentroinformativo.com.mx\/index.php?rest_route=\/wp\/v2\/posts\/5232\/revisions"}],"predecessor-version":[{"id":5234,"href":"https:\/\/encuentroinformativo.com.mx\/index.php?rest_route=\/wp\/v2\/posts\/5232\/revisions\/5234"}],"wp:featuredmedia":[{"embeddable":true,"href":"https:\/\/encuentroinformativo.com.mx\/index.php?rest_route=\/wp\/v2\/media\/5233"}],"wp:attachment":[{"href":"https:\/\/encuentroinformativo.com.mx\/index.php?rest_route=%2Fwp%2Fv2%2Fmedia&parent=5232"}],"wp:term":[{"taxonomy":"category","embeddable":true,"href":"https:\/\/encuentroinformativo.com.mx\/index.php?rest_route=%2Fwp%2Fv2%2Fcategories&post=5232"},{"taxonomy":"post_tag","embeddable":true,"href":"https:\/\/encuentroinformativo.com.mx\/index.php?rest_route=%2Fwp%2Fv2%2Ftags&post=5232"}],"curies":[{"name":"wp","href":"https:\/\/api.w.org\/{rel}","templated":true}]}}