{"id":52340,"date":"2024-03-23T13:02:05","date_gmt":"2024-03-23T19:02:05","guid":{"rendered":"https:\/\/encuentroinformativo.com.mx\/?p=52340"},"modified":"2024-03-23T13:02:10","modified_gmt":"2024-03-23T19:02:10","slug":"programas-sociales-no-son-de-un-partido-politico-pepe-yunes","status":"publish","type":"post","link":"https:\/\/encuentroinformativo.com.mx\/?p=52340","title":{"rendered":"Programas sociales no son de un partido pol\u00edtico: Pepe Yunes"},"content":{"rendered":"\n<p><strong>Dar\u00edo Pale <\/strong><\/p>\n\n\n\n<p>Xalapa, Ver.- Morena y su candidata Roc\u00edo Nahle derrochan sin verg\u00fcenza y sin pudor recursos de los veracruzanos, le mienten ma\u00f1ana, tarde y noche a los veracruzanos, por ello, solicit\u00f3 al OPLE y al INE, emprendan una campa\u00f1a para repetir de la misma forma, que los programas no pertenecen a un partido pol\u00edtico, as\u00ed lo se\u00f1al\u00f3 el candidato a la gubernatura por la coalici\u00f3n &#8220;Fuerza y Coraz\u00f3n por Veracruz&#8221;, Jos\u00e9 Francisco Yunes Zorrilla, se\u00f1al\u00f3 que Morena y su candidata, Roc\u00edo Nahle\u00a0<\/p>\n\n\n\n<p>Durante la solicitud de registro ante el OPLE Veracruz, afirm\u00f3 que en Veracruz se vive una elecci\u00f3n &#8220;injusta&#8221; y &#8220;dispareja&#8221;.<\/p>\n\n\n\n<p>&#8220;Una elecci\u00f3n en la que Morena y su candidata derrochan sin verg\u00fcenza y sin pudor los recursos de los veracruzanos, una elecci\u00f3n en la que se abusa de los servidores p\u00fablicos y se les obliga a ir a m\u00edtines y actos de una candidata incapaz de convocar a la sociedad&#8221;, se\u00f1al\u00f3.<\/p>\n\n\n\n<p>&#8220;Una elecci\u00f3n donde sobre todo, en la que Morena y su candidata le mienten a la sociedad a diario. Mienten cuando dicen que los programas dependen de ellos&#8221;, agrego.<\/p>\n\n\n\n<p>Dio a conocer que Morena y su candidata, Roc\u00edo Nahle, mienten cuando condicionan becas, pensiones y apoyos al voto por su partido.<br>Sostuvo que mienten cuando dicen que Veracruz va bien cuando la realidad de la gente es completamente otra.<\/p>\n\n\n\n<p>&#8220;Las mentiras de Morena y de su candidata amenazan la libertad de los ciudadanos para emitir un voto informado y razonado. Las mentiras de Morena da\u00f1an la democracia&#8221;, coment\u00f3.<\/p>\n\n\n\n<p>Fue ah\u00ed donde pidi\u00f3 al Organismo P\u00fablico Local Electoral (OPLE) y al Instituto Nacional Electoral (INE), inicien una campa\u00f1a de medios de comunicaci\u00f3n, televisi\u00f3n, radio, prensa, redes sociales y publicidad exterior, con un solo mensaje.<\/p>\n\n\n\n<p>&#8220;Los programas sociales, becas, pensiones y los apoyos de Gobierno no pertenecen a ning\u00fan partido pol\u00edtico. Son programas pagados con recursos ciudadanos y est\u00e1 en la Constituci\u00f3n&#8221;, resalt\u00f3.<\/p>\n\n\n\n<p>Pepe Yunes subray\u00f3 que ning\u00fan partido o candidato debe condicionar la permanencia a cambio del voto y ese mensaje debe emitirse ma\u00f1ana, tarde y noche, porque ma\u00f1ana, tarde y noche Morena y sus candidatos esparcen las mismas mentiras que vulneran el derecho ciudadano al voto libre, informado y razonado.<\/p>\n\n\n\n<p>Solicit\u00f3 tambi\u00e9n que el OPLE fiscalice con &#8220;lupa&#8221;\u00a0 las finanzas de todos los partidos, coaliciones y candidatos.<\/p>\n\n\n\n<p>&#8220;Debe impedirse que Morena rebase, si es que no lo ha hecho ya, el tope legal de gasto, eso es algo que debe vigilarse investigarse y sancionarse&#8221;, acuso.<\/p>\n\n\n\n<p>&#8220;Contra las mentiras de Morena el \u00fanico y mejor remedio es la verdad y, por eso, conf\u00edo que este OPLE har\u00e1 lo que le toque hacer para que los ciudadanos puedan emitir un voto libre y para que la elecci\u00f3n sea menos injusta, menos dispareja, para que sea una elecci\u00f3n libre&#8221;, asever\u00f3.<\/p>\n\n\n\n<p>Al acto de registro formal como candidato lo acompa\u00f1aron el dirigente nacional del PRI, Alejandro Moreno; la senadora Beatriz Paredes, el senador Julen Rementer\u00eda; los dirigente del PRI, PAN y PRD, Adolfo Ram\u00edrez, Federico Salom\u00f3n y Sergio Cadena, respectivamente.<\/p>\n\n\n\n<p>Adem\u00e1s, l\u00edderes de las diversas organizaciones al Tricolor, el candidato al Senado, Miguel \u00c1ngel Yunes M\u00e1rquez, su suplente, Miguel \u00c1ngel Yunes Linares; la candidata en segunda f\u00f3rmula, Sara Ladr\u00f3n de Guevara, el candidato a la diputaci\u00f3n federal por Xalapa, Am\u00e9rico Z\u00fa\u00f1iga, entre muchos otros.<\/p>\n\n\n\n<p>Finalmente, envi\u00f3 un mensaje de esperanza a los veracruzanos y les dijo que el cambio est\u00e1 llegando, se siente en el ambiente, se respira en las calles y en las plazas.<\/p>\n","protected":false},"excerpt":{"rendered":"<p>Dar\u00edo Pale Xalapa, Ver.- Morena y su candidata Roc\u00edo Nahle derrochan sin verg\u00fcenza y sin pudor recursos de los veracruzanos, le mienten ma\u00f1ana, tarde y noche a los veracruzanos, por ello, solicit\u00f3 al OPLE y al INE, emprendan una campa\u00f1a para repetir de la misma forma, que los programas no pertenecen a un partido pol\u00edtico, [&hellip;]<\/p>\n","protected":false},"author":2476,"featured_media":52341,"comment_status":"open","ping_status":"open","sticky":false,"template":"","format":"standard","meta":{"_jetpack_memberships_contains_paid_content":false,"footnotes":""},"categories":[2],"tags":[],"class_list":["post-52340","post","type-post","status-publish","format-standard","has-post-thumbnail","hentry","category-estado"],"jetpack_featured_media_url":"https:\/\/encuentroinformativo.com.mx\/wp-content\/uploads\/2024\/03\/IMG-20240323-WA00202.jpg","jetpack_sharing_enabled":true,"jetpack_likes_enabled":true,"amp_enabled":true,"_links":{"self":[{"href":"https:\/\/encuentroinformativo.com.mx\/index.php?rest_route=\/wp\/v2\/posts\/52340","targetHints":{"allow":["GET"]}}],"collection":[{"href":"https:\/\/encuentroinformativo.com.mx\/index.php?rest_route=\/wp\/v2\/posts"}],"about":[{"href":"https:\/\/encuentroinformativo.com.mx\/index.php?rest_route=\/wp\/v2\/types\/post"}],"author":[{"embeddable":true,"href":"https:\/\/encuentroinformativo.com.mx\/index.php?rest_route=\/wp\/v2\/users\/2476"}],"replies":[{"embeddable":true,"href":"https:\/\/encuentroinformativo.com.mx\/index.php?rest_route=%2Fwp%2Fv2%2Fcomments&post=52340"}],"version-history":[{"count":1,"href":"https:\/\/encuentroinformativo.com.mx\/index.php?rest_route=\/wp\/v2\/posts\/52340\/revisions"}],"predecessor-version":[{"id":52342,"href":"https:\/\/encuentroinformativo.com.mx\/index.php?rest_route=\/wp\/v2\/posts\/52340\/revisions\/52342"}],"wp:featuredmedia":[{"embeddable":true,"href":"https:\/\/encuentroinformativo.com.mx\/index.php?rest_route=\/wp\/v2\/media\/52341"}],"wp:attachment":[{"href":"https:\/\/encuentroinformativo.com.mx\/index.php?rest_route=%2Fwp%2Fv2%2Fmedia&parent=52340"}],"wp:term":[{"taxonomy":"category","embeddable":true,"href":"https:\/\/encuentroinformativo.com.mx\/index.php?rest_route=%2Fwp%2Fv2%2Fcategories&post=52340"},{"taxonomy":"post_tag","embeddable":true,"href":"https:\/\/encuentroinformativo.com.mx\/index.php?rest_route=%2Fwp%2Fv2%2Ftags&post=52340"}],"curies":[{"name":"wp","href":"https:\/\/api.w.org\/{rel}","templated":true}]}}