{"id":52343,"date":"2024-03-23T14:07:50","date_gmt":"2024-03-23T20:07:50","guid":{"rendered":"https:\/\/encuentroinformativo.com.mx\/?p=52343"},"modified":"2024-03-23T14:07:54","modified_gmt":"2024-03-23T20:07:54","slug":"por-tragedia-economica-veracruzanos-deben-emigrar-dante-delgado","status":"publish","type":"post","link":"https:\/\/encuentroinformativo.com.mx\/?p=52343","title":{"rendered":"Por tragedia econ\u00f3mica, veracruzanos deben emigrar: Dante Delgado"},"content":{"rendered":"\n<p><strong>Alejandro \u00c1vila<\/strong><\/p>\n\n\n\n<p>Veracruz, Ver.- La tragedia econ\u00f3mica que se vive en la entidad veracruzana ha llevado que miles de ciudadanos tengan que emigrar del estado, situaci\u00f3n que ha provocado la descomposici\u00f3n del tejido familiar.<\/p>\n\n\n\n<p>Agreg\u00f3 que la vieja pol\u00edtica cre\u00f3 la tragedia de seguridad y econom\u00eda en que est\u00e1 Veracruz y que el gobierno actual no ha hecho nada para cambiarlo y mejorarlo.<\/p>\n\n\n\n<p>\u201cVeracruz vive una tragedia en econom\u00eda, muchas veces hombre o mujer, jefe de familia tienen que tomar la decisi\u00f3n de salir de Veracruz, y muchas veces llegan a Jalisco y a Nuevo Le\u00f3n, estados gobernados por Movimiento Ciudadano esto hace que muchas veces, la otra persona que se queda tenga que tambi\u00e9n salir a trabajar y ah\u00ed viene una descomposici\u00f3n familiar\u201d, puntualiz\u00f3.<\/p>\n\n\n\n<p>Dante Delgado Morales, Candidato al Senado de la Rep\u00fablica por Movimiento Ciudadano, reiter\u00f3 que la poblaci\u00f3n en Veracruz vive en una condici\u00f3n de abandono y ahogo por el mal trabajo de los gobiernos que ha tenido.<\/p>\n\n\n\n<p>\u201cNo estamos en contra de personas y partidos, estamos a favor de Veracruz. Vivimos la tragedia que viven todos los veracruzanos, donde las personas salen de sus hogares y no saben si van a regresar\u201d, se\u00f1al\u00f3<\/p>\n","protected":false},"excerpt":{"rendered":"<p>Alejandro \u00c1vila Veracruz, Ver.- La tragedia econ\u00f3mica que se vive en la entidad veracruzana ha llevado que miles de ciudadanos tengan que emigrar del estado, situaci\u00f3n que ha provocado la descomposici\u00f3n del tejido familiar. Agreg\u00f3 que la vieja pol\u00edtica cre\u00f3 la tragedia de seguridad y econom\u00eda en que est\u00e1 Veracruz y que el gobierno actual [&hellip;]<\/p>\n","protected":false},"author":2476,"featured_media":52344,"comment_status":"open","ping_status":"open","sticky":false,"template":"","format":"standard","meta":{"_jetpack_memberships_contains_paid_content":false,"footnotes":""},"categories":[2],"tags":[],"class_list":["post-52343","post","type-post","status-publish","format-standard","has-post-thumbnail","hentry","category-estado"],"jetpack_featured_media_url":"https:\/\/encuentroinformativo.com.mx\/wp-content\/uploads\/2024\/03\/IMG-20240323-WA0026.jpg","jetpack_sharing_enabled":true,"jetpack_likes_enabled":true,"amp_enabled":true,"_links":{"self":[{"href":"https:\/\/encuentroinformativo.com.mx\/index.php?rest_route=\/wp\/v2\/posts\/52343","targetHints":{"allow":["GET"]}}],"collection":[{"href":"https:\/\/encuentroinformativo.com.mx\/index.php?rest_route=\/wp\/v2\/posts"}],"about":[{"href":"https:\/\/encuentroinformativo.com.mx\/index.php?rest_route=\/wp\/v2\/types\/post"}],"author":[{"embeddable":true,"href":"https:\/\/encuentroinformativo.com.mx\/index.php?rest_route=\/wp\/v2\/users\/2476"}],"replies":[{"embeddable":true,"href":"https:\/\/encuentroinformativo.com.mx\/index.php?rest_route=%2Fwp%2Fv2%2Fcomments&post=52343"}],"version-history":[{"count":1,"href":"https:\/\/encuentroinformativo.com.mx\/index.php?rest_route=\/wp\/v2\/posts\/52343\/revisions"}],"predecessor-version":[{"id":52345,"href":"https:\/\/encuentroinformativo.com.mx\/index.php?rest_route=\/wp\/v2\/posts\/52343\/revisions\/52345"}],"wp:featuredmedia":[{"embeddable":true,"href":"https:\/\/encuentroinformativo.com.mx\/index.php?rest_route=\/wp\/v2\/media\/52344"}],"wp:attachment":[{"href":"https:\/\/encuentroinformativo.com.mx\/index.php?rest_route=%2Fwp%2Fv2%2Fmedia&parent=52343"}],"wp:term":[{"taxonomy":"category","embeddable":true,"href":"https:\/\/encuentroinformativo.com.mx\/index.php?rest_route=%2Fwp%2Fv2%2Fcategories&post=52343"},{"taxonomy":"post_tag","embeddable":true,"href":"https:\/\/encuentroinformativo.com.mx\/index.php?rest_route=%2Fwp%2Fv2%2Ftags&post=52343"}],"curies":[{"name":"wp","href":"https:\/\/api.w.org\/{rel}","templated":true}]}}