{"id":52349,"date":"2024-03-23T14:14:28","date_gmt":"2024-03-23T20:14:28","guid":{"rendered":"https:\/\/encuentroinformativo.com.mx\/?p=52349"},"modified":"2024-03-23T14:14:33","modified_gmt":"2024-03-23T20:14:33","slug":"boca-del-rio-ya-tiene-representante-en-miss-earth-sera-genesis-vera","status":"publish","type":"post","link":"https:\/\/encuentroinformativo.com.mx\/?p=52349","title":{"rendered":"Boca del R\u00edo ya tiene representante en Miss Earth ser\u00e1 G\u00e9nesis Vera"},"content":{"rendered":"\n<p><strong>Alejandro \u00c1vila<\/strong><\/p>\n\n\n\n<p>Boca del R\u00edo, Ver.- Finalmente se devel\u00f3 que la joven de 24 a\u00f1os, G\u00e9nesis Vera Fern\u00e1ndezz ser\u00e1 la representante del municipio de Boca del R\u00edo en el evento Miss Earth.<\/p>\n\n\n\n<p>En el marco de una espectacular velada, G\u00e9nesis Vera Fern\u00e1ndez fue coronada por el director de Miss Earth Veracruz, Jes\u00fas Montoya S\u00e1nchez, mientras que la banda le fue impuesta por Montserrat Pereyra, Reina Mundial de la Pi\u00f1a de M\u00e9xico.&nbsp;<\/p>\n\n\n\n<p>G\u00e9nesis Vera Fern\u00e1ndez mide 1.78 de estatura, estudi\u00f3 la Licenciatura en Idiomas y participa en Miss Earth Veracruz con el proyecto ecol\u00f3gico denominado: \u201cLimpiando y reviviendo \u00e1reas comunes recreativas en zonas m\u00e1s vulnerables\u201d.<\/p>\n\n\n\n<p>Miss Earth surgi\u00f3 en Asia como un concurso de belleza totalmente diferente de lo que se hay venido haciendo. Dicho evento se viene celebrando a\u00f1o con a\u00f1o, con un crecimiento exponencial de pa\u00edses que compiten por los t\u00edtulos de: Miss Earth (Tierra) Primer lugar; Miss Air (Aire) Segundo lugar; Miss Water (Agua) Tercer lugar y Miss Fire (Fuego) Cuarto lugar.<\/p>\n\n\n\n<p>Miss Earth o Miss Tierra, es un concurso anual de belleza en nuestro pa\u00eds. La ganadora de Miss Earth Veracruz obtiene el derecho de representar a nuestro estado en el concurso MISS EARTH M\u00c9XICO, el \u00fanico certamen de belleza en el mundo que tiene el objetivo de promover la protecci\u00f3n del medio ambiente, por lo que es un concurso con responsabilidad, con causa.&nbsp;&nbsp;<\/p>\n\n\n\n<p>Recordemos que Miss Earth Veracruz 2024-2025 tendr\u00e1 tres semifinales: Traje T\u00edpico, en el Z\u00f3calo de Veracruz el jueves 11 de abril; Vestido Reciclado, en Tlalnelhuayocan el viernes 12 de abril y Traje de Ba\u00f1o, en Ciudad Isla el s\u00e1bado 13 de abril.&nbsp;<\/p>\n\n\n\n<p>La gran final estatal ser\u00e1 el domingo 14 de abril en el teatro Francisco Javier Clavijero a partir de las 6 de la tarde y ah\u00ed sabremos qui\u00e9n de las 15 participantes representar\u00e1 a nuestro estado en el certamen nacional.&nbsp;<\/p>\n","protected":false},"excerpt":{"rendered":"<p>Alejandro \u00c1vila Boca del R\u00edo, Ver.- Finalmente se devel\u00f3 que la joven de 24 a\u00f1os, G\u00e9nesis Vera Fern\u00e1ndezz ser\u00e1 la representante del municipio de Boca del R\u00edo en el evento Miss Earth. En el marco de una espectacular velada, G\u00e9nesis Vera Fern\u00e1ndez fue coronada por el director de Miss Earth Veracruz, Jes\u00fas Montoya S\u00e1nchez, mientras [&hellip;]<\/p>\n","protected":false},"author":2476,"featured_media":52350,"comment_status":"open","ping_status":"open","sticky":false,"template":"","format":"standard","meta":{"_jetpack_memberships_contains_paid_content":false,"footnotes":""},"categories":[2],"tags":[],"class_list":["post-52349","post","type-post","status-publish","format-standard","has-post-thumbnail","hentry","category-estado"],"jetpack_featured_media_url":"https:\/\/encuentroinformativo.com.mx\/wp-content\/uploads\/2024\/03\/IMG-20240323-WA00292.jpg","jetpack_sharing_enabled":true,"jetpack_likes_enabled":true,"amp_enabled":true,"_links":{"self":[{"href":"https:\/\/encuentroinformativo.com.mx\/index.php?rest_route=\/wp\/v2\/posts\/52349","targetHints":{"allow":["GET"]}}],"collection":[{"href":"https:\/\/encuentroinformativo.com.mx\/index.php?rest_route=\/wp\/v2\/posts"}],"about":[{"href":"https:\/\/encuentroinformativo.com.mx\/index.php?rest_route=\/wp\/v2\/types\/post"}],"author":[{"embeddable":true,"href":"https:\/\/encuentroinformativo.com.mx\/index.php?rest_route=\/wp\/v2\/users\/2476"}],"replies":[{"embeddable":true,"href":"https:\/\/encuentroinformativo.com.mx\/index.php?rest_route=%2Fwp%2Fv2%2Fcomments&post=52349"}],"version-history":[{"count":1,"href":"https:\/\/encuentroinformativo.com.mx\/index.php?rest_route=\/wp\/v2\/posts\/52349\/revisions"}],"predecessor-version":[{"id":52351,"href":"https:\/\/encuentroinformativo.com.mx\/index.php?rest_route=\/wp\/v2\/posts\/52349\/revisions\/52351"}],"wp:featuredmedia":[{"embeddable":true,"href":"https:\/\/encuentroinformativo.com.mx\/index.php?rest_route=\/wp\/v2\/media\/52350"}],"wp:attachment":[{"href":"https:\/\/encuentroinformativo.com.mx\/index.php?rest_route=%2Fwp%2Fv2%2Fmedia&parent=52349"}],"wp:term":[{"taxonomy":"category","embeddable":true,"href":"https:\/\/encuentroinformativo.com.mx\/index.php?rest_route=%2Fwp%2Fv2%2Fcategories&post=52349"},{"taxonomy":"post_tag","embeddable":true,"href":"https:\/\/encuentroinformativo.com.mx\/index.php?rest_route=%2Fwp%2Fv2%2Ftags&post=52349"}],"curies":[{"name":"wp","href":"https:\/\/api.w.org\/{rel}","templated":true}]}}