{"id":52359,"date":"2024-03-23T15:21:31","date_gmt":"2024-03-23T21:21:31","guid":{"rendered":"https:\/\/encuentroinformativo.com.mx\/?p=52359"},"modified":"2024-03-23T15:21:36","modified_gmt":"2024-03-23T21:21:36","slug":"morena-no-presenta-propuestas-amenaza-con-quitar-programas-sociales-pepe-yunes","status":"publish","type":"post","link":"https:\/\/encuentroinformativo.com.mx\/?p=52359","title":{"rendered":"Morena no presenta propuestas amenaza con quitar programas sociales: Pepe Yunes"},"content":{"rendered":"\n<p><strong>Alejandro \u00c1vila<\/strong><\/p>\n\n\n\n<p>Veracruz, Ver.- Los aspirantes de Morena a un cargo de elecci\u00f3n popular no presentan propuestas concretas; en cambio quieren dar a entender a la poblaci\u00f3n que si ellos no est\u00e1n en el poder se acaban los programas sociales lo cual es falso, mencion\u00f3 Jos\u00e9 Francisco Yunes Zorrilla.<\/p>\n\n\n\n<p>Pepe Yunes que en este s\u00e1bado recibi\u00f3 del OPLE la constancia que lo acredita como candidato a la gubernatura por la alianza &#8220;Fuerza y Coraz\u00f3n por Veracruz&#8221;; agreg\u00f3 que la entidad veracruzana ha padecido un sexenio dif\u00edcil con una silla de gobierno vac\u00eda, pero ante lo cual se alista Para volver a recuperar la grandeza de Veracruz.<\/p>\n\n\n\n<p>Pepe Yunes fue arropado este s\u00e1bado por los presidentes estatales de los partidos PRI, PAN y PRD, dem\u00e1s del ex gobernador, Miguel \u00c1ngel Yunes Linares, y del presidente nacional del PRI, Alejandro &#8220;Alito&#8221; Moreno C\u00e1rdenas.<\/p>\n\n\n\n<p>Al salir del edificio sede del Organismo, en un ambiente de fiesta, Pepe Yunes dijo a los cientos de veracruzanas y veracruzanos que lo esperaban sentirse emocionado y orgulloso por el creciente apoyo al proyecto que encabeza.<\/p>\n\n\n\n<p>Posteriormente dirigi\u00f3 un mensaje rotundo y firme a la sociedad veracruzana en el que dej\u00f3 en claro que nadie puede condicionar los programas sociales a cambio del voto por un partido, ya que \u00e9stos no pertenecen a ning\u00fan partido pol\u00edtico, son programas pagados con recursos de las y los ciudadanos y est\u00e1n en la Constituci\u00f3n federal.<\/p>\n\n\n\n<p>Pepe Yunes dijo haber hecho una respetuosa solicitud a las autoridades electorales para que mediante una campa\u00f1a informen a la poblaci\u00f3n al respecto, y a los medios de comunicaci\u00f3n a reiterar que la libertad del voto no puede ser coaccionada ni condicionada a cambio de programas sociales ni intercambio alguno.<\/p>\n\n\n\n<p>Alz\u00f3 la voz para insistir que es urgente que la gente sepa de los abusos cometidos por Morena y su candidata, que, se\u00f1al\u00f3, no basan su estrategia electoral en propuestas, ideas o planes de gobierno, sino en dinero y amenazas. Dinero, para comprar votos y lealtades, y amenazas, para evitar que voten por la coalici\u00f3n.<\/p>\n\n\n\n<p>Pepe Yunes reclam\u00f3 que Veracruz necesita un liderazgo de verdad porque \u201cestos \u00faltimos cinco a\u00f1os han sido especialmente dif\u00edciles, con una silla de gobernador vac\u00eda, con un gobierno vac\u00edo en acciones y capacidad de respuesta. Cinco a\u00f1os de inseguridad y violencia, cinco a\u00f1os de abandono y negligencia, cinco a\u00f1os de irresponsabilidad y corrupci\u00f3n. Pero no hay mal que dure cien a\u00f1os ni mal gobierno que pueda enga\u00f1ar a todo el mundo todo el tiempo\u201d.<\/p>\n\n\n\n<p>Por eso, con contundencia,&nbsp; asegur\u00f3: \u201cconf\u00edo plenamente en que vendr\u00e1n tiempos mejores para Veracruz. Y esos mejores d\u00edas llegar\u00e1n de la mano de ustedes, los ciudadanos libres que ejercen su libertad y defienden sus derechos. \u00a1Que viva Veracruz! \u00a1Y que vivan los veracruzanos de verdad!\u201d.<\/p>\n","protected":false},"excerpt":{"rendered":"<p>Alejandro \u00c1vila Veracruz, Ver.- Los aspirantes de Morena a un cargo de elecci\u00f3n popular no presentan propuestas concretas; en cambio quieren dar a entender a la poblaci\u00f3n que si ellos no est\u00e1n en el poder se acaban los programas sociales lo cual es falso, mencion\u00f3 Jos\u00e9 Francisco Yunes Zorrilla. Pepe Yunes que en este s\u00e1bado [&hellip;]<\/p>\n","protected":false},"author":2476,"featured_media":52360,"comment_status":"open","ping_status":"open","sticky":false,"template":"","format":"standard","meta":{"_jetpack_memberships_contains_paid_content":false,"footnotes":""},"categories":[2],"tags":[],"class_list":["post-52359","post","type-post","status-publish","format-standard","has-post-thumbnail","hentry","category-estado"],"jetpack_featured_media_url":"https:\/\/encuentroinformativo.com.mx\/wp-content\/uploads\/2024\/03\/IMG-20240323-WA0044.jpg","jetpack_sharing_enabled":true,"jetpack_likes_enabled":true,"amp_enabled":true,"_links":{"self":[{"href":"https:\/\/encuentroinformativo.com.mx\/index.php?rest_route=\/wp\/v2\/posts\/52359","targetHints":{"allow":["GET"]}}],"collection":[{"href":"https:\/\/encuentroinformativo.com.mx\/index.php?rest_route=\/wp\/v2\/posts"}],"about":[{"href":"https:\/\/encuentroinformativo.com.mx\/index.php?rest_route=\/wp\/v2\/types\/post"}],"author":[{"embeddable":true,"href":"https:\/\/encuentroinformativo.com.mx\/index.php?rest_route=\/wp\/v2\/users\/2476"}],"replies":[{"embeddable":true,"href":"https:\/\/encuentroinformativo.com.mx\/index.php?rest_route=%2Fwp%2Fv2%2Fcomments&post=52359"}],"version-history":[{"count":1,"href":"https:\/\/encuentroinformativo.com.mx\/index.php?rest_route=\/wp\/v2\/posts\/52359\/revisions"}],"predecessor-version":[{"id":52361,"href":"https:\/\/encuentroinformativo.com.mx\/index.php?rest_route=\/wp\/v2\/posts\/52359\/revisions\/52361"}],"wp:featuredmedia":[{"embeddable":true,"href":"https:\/\/encuentroinformativo.com.mx\/index.php?rest_route=\/wp\/v2\/media\/52360"}],"wp:attachment":[{"href":"https:\/\/encuentroinformativo.com.mx\/index.php?rest_route=%2Fwp%2Fv2%2Fmedia&parent=52359"}],"wp:term":[{"taxonomy":"category","embeddable":true,"href":"https:\/\/encuentroinformativo.com.mx\/index.php?rest_route=%2Fwp%2Fv2%2Fcategories&post=52359"},{"taxonomy":"post_tag","embeddable":true,"href":"https:\/\/encuentroinformativo.com.mx\/index.php?rest_route=%2Fwp%2Fv2%2Ftags&post=52359"}],"curies":[{"name":"wp","href":"https:\/\/api.w.org\/{rel}","templated":true}]}}