{"id":52362,"date":"2024-03-23T19:22:59","date_gmt":"2024-03-24T01:22:59","guid":{"rendered":"https:\/\/encuentroinformativo.com.mx\/?p=52362"},"modified":"2024-03-23T19:23:04","modified_gmt":"2024-03-24T01:23:04","slug":"morena-agravo-crisis-ambiental-americo","status":"publish","type":"post","link":"https:\/\/encuentroinformativo.com.mx\/?p=52362","title":{"rendered":"Morena agrav\u00f3 crisis ambiental: Am\u00e9rico"},"content":{"rendered":"\n<p>Xalapa, Ver.- En M\u00e9xico vivimos una triste y lamentable situaci\u00f3n ambiental. Morena agrav\u00f3 los problemas y apost\u00f3 por la generaci\u00f3n de electricidad a trav\u00e9s de combust\u00f3leo, altamente contaminantes para la atm\u00f3sfera, se\u00f1al\u00f3 el candidato a la diputaci\u00f3n federal por Xalapa, Am\u00e9rico Z\u00fa\u00f1iga Mart\u00ednez.<\/p>\n\n\n\n<p>El abanderado de la coalici\u00f3n Fuerza y Coraz\u00f3n por M\u00e9xico indic\u00f3 que Morena devast\u00f3 la selva maya con la construcci\u00f3n del tren, adem\u00e1s de que se dej\u00f3 de invertir en la generaci\u00f3n de fuentes de agua y en la recarga de acu\u00edferos.<\/p>\n\n\n\n<p>&#8220;Nuestro pa\u00eds ha incumplido los acuerdos internacionales para la reducci\u00f3n de contaminantes&#8221;, manifest\u00f3.<\/p>\n\n\n\n<p>Por ello, Am\u00e9rico Z\u00fa\u00f1iga dijo que hoy se sum\u00f3 a la iniciativa mundial: La hora del planeta.<\/p>\n\n\n\n<p>&#8220;Apaguemos nuestras computadoras, televisiones, y todo lo que tenga que ver con energ\u00eda el\u00e9ctrica entre 20:30 y 21:30 horas. Demos un respiro a Xalapa y a M\u00e9xico. Salvemos al planeta&#8221;.<\/p>\n\n\n\n<p>El candidato expuso que es urgente tomar acciones por nuestro medio ambiente. &#8220;Morena ha exacerbado los problemas con decisiones como la generaci\u00f3n de electricidad con combust\u00f3leo y la devastaci\u00f3n de la selva maya&#8221;.<\/p>\n\n\n\n<p>Este s\u00e1bado, en un intenso d\u00eda de actividades, acompa\u00f1\u00f3 a Jos\u00e9 Francisco Yunes Zorrilla al OPLE a registrarse como candidato de la coalici\u00f3n Fuerza y Coraz\u00f3n a la gubernatura de Veracruz. M\u00e1s tarde, estuvo en el 101 aniversario de la CNC, luego acudi\u00f3 a una reuni\u00f3n multitudinaria en el auditorio de la CNOP, llev\u00f3 a cabo un amplio recorrido por la colonia Benito Ju\u00e1rez y dialog\u00f3 tambi\u00e9n con vecinos de la colonia Am\u00e9rica.<\/p>\n\n\n\n<p>REUNI\u00d3N CON SIMESA<\/p>\n\n\n\n<p>Cabe destacar que Am\u00e9rico Z\u00fa\u00f1iga Mart\u00ednez tambi\u00e9n se reuni\u00f3 con integrantes del Sindicato Mexicano de la Salud de Veracruz (SIMESA).<\/p>\n\n\n\n<p>Congregados en un sal\u00f3n de eventos, destac\u00f3 su respaldo y apoyo al gremio. &#8220;Hoy SIMESA Veracruz est\u00e1 creciendo a un ritmo que dentro de muy poco tiempo, seguro estoy, ser\u00e1n los titulares de las condiciones generales del trabajo y del contrato colectivo de Servicios de Salud&#8221;.<\/p>\n\n\n\n<p>El abanderado agreg\u00f3 que seguir\u00e1n trabajando y defender\u00e1 los derechos de los trabajadores de salud.<\/p>\n\n\n\n<p>Por su parte, el candidato suplente Rom\u00e1n Moreno expuso que tiene puesta la camisa de la salud y tiene un compromiso moral, por lo que dar\u00e1 su respaldo a los trabajadores del sector.<\/p>\n\n\n\n<p>Estuvieron el secretario general en Veracruz, \u00d3scar Monz\u00f3n, y en representaci\u00f3n del l\u00edder nacional Ricardo Cruz Cotero, \u00d3scar Rivas Maldonado.<\/p>\n","protected":false},"excerpt":{"rendered":"<p>Xalapa, Ver.- En M\u00e9xico vivimos una triste y lamentable situaci\u00f3n ambiental. Morena agrav\u00f3 los problemas y apost\u00f3 por la generaci\u00f3n de electricidad a trav\u00e9s de combust\u00f3leo, altamente contaminantes para la atm\u00f3sfera, se\u00f1al\u00f3 el candidato a la diputaci\u00f3n federal por Xalapa, Am\u00e9rico Z\u00fa\u00f1iga Mart\u00ednez. El abanderado de la coalici\u00f3n Fuerza y Coraz\u00f3n por M\u00e9xico indic\u00f3 que [&hellip;]<\/p>\n","protected":false},"author":2476,"featured_media":52363,"comment_status":"open","ping_status":"open","sticky":false,"template":"","format":"standard","meta":{"_jetpack_memberships_contains_paid_content":false,"footnotes":""},"categories":[3],"tags":[],"class_list":["post-52362","post","type-post","status-publish","format-standard","has-post-thumbnail","hentry","category-xalapa"],"jetpack_featured_media_url":"https:\/\/encuentroinformativo.com.mx\/wp-content\/uploads\/2024\/03\/IMG-20240323-WA00722.jpg","jetpack_sharing_enabled":true,"jetpack_likes_enabled":true,"amp_enabled":true,"_links":{"self":[{"href":"https:\/\/encuentroinformativo.com.mx\/index.php?rest_route=\/wp\/v2\/posts\/52362","targetHints":{"allow":["GET"]}}],"collection":[{"href":"https:\/\/encuentroinformativo.com.mx\/index.php?rest_route=\/wp\/v2\/posts"}],"about":[{"href":"https:\/\/encuentroinformativo.com.mx\/index.php?rest_route=\/wp\/v2\/types\/post"}],"author":[{"embeddable":true,"href":"https:\/\/encuentroinformativo.com.mx\/index.php?rest_route=\/wp\/v2\/users\/2476"}],"replies":[{"embeddable":true,"href":"https:\/\/encuentroinformativo.com.mx\/index.php?rest_route=%2Fwp%2Fv2%2Fcomments&post=52362"}],"version-history":[{"count":1,"href":"https:\/\/encuentroinformativo.com.mx\/index.php?rest_route=\/wp\/v2\/posts\/52362\/revisions"}],"predecessor-version":[{"id":52364,"href":"https:\/\/encuentroinformativo.com.mx\/index.php?rest_route=\/wp\/v2\/posts\/52362\/revisions\/52364"}],"wp:featuredmedia":[{"embeddable":true,"href":"https:\/\/encuentroinformativo.com.mx\/index.php?rest_route=\/wp\/v2\/media\/52363"}],"wp:attachment":[{"href":"https:\/\/encuentroinformativo.com.mx\/index.php?rest_route=%2Fwp%2Fv2%2Fmedia&parent=52362"}],"wp:term":[{"taxonomy":"category","embeddable":true,"href":"https:\/\/encuentroinformativo.com.mx\/index.php?rest_route=%2Fwp%2Fv2%2Fcategories&post=52362"},{"taxonomy":"post_tag","embeddable":true,"href":"https:\/\/encuentroinformativo.com.mx\/index.php?rest_route=%2Fwp%2Fv2%2Ftags&post=52362"}],"curies":[{"name":"wp","href":"https:\/\/api.w.org\/{rel}","templated":true}]}}