{"id":52365,"date":"2024-03-23T19:41:08","date_gmt":"2024-03-24T01:41:08","guid":{"rendered":"https:\/\/encuentroinformativo.com.mx\/?p=52365"},"modified":"2024-03-23T19:41:14","modified_gmt":"2024-03-24T01:41:14","slug":"refuerza-pri-presencia-en-zonas-de-veracruz-alito","status":"publish","type":"post","link":"https:\/\/encuentroinformativo.com.mx\/?p=52365","title":{"rendered":"Refuerza PRI presencia en zonas de Veracruz: Alito"},"content":{"rendered":"\n<p><strong>Dar\u00edo Pale <\/strong><\/p>\n\n\n\n<p>Xalapa, Ver.- Para operar en la campa\u00f1a de la coalici\u00f3n de &#8220;Fuerza y Coraz\u00f3n por Veracruz&#8221;, en el estado el dirigente nacional del Partido Revolucionario Institucional (PRI), Alejandro &#8220;Alito&#8221; Moreno C\u00e1rdenas, dijo que operar\u00e1n en cinco zonas por lo que dio a conocer la lista de quienes operar\u00e1n en cada una de ellas.<\/p>\n\n\n\n<p>Durante la conferencia de prensa dio a conocer que Rub\u00e9n Moreira ex gobernador de Coahuila, estar\u00e1 a cargo de la vigilancia de los 19 distritos federales.<\/p>\n\n\n\n<p>En la zona 1 que incluyen 49 municipios de la zona norte como Poza Rica, Chalma, Papantla, fue nombrado Miguel Alonso Reyes. En la zona 2 que incluye 39 municipios entre los que que incluye Xalapa, Naolinco y Coatepec, al exgobernador de Colima, Ignacio Peralta S\u00e1nchez.\u00a0<\/p>\n\n\n\n<p>En la zona 3 que incluye a los municipios de Veracruz y Boca del R\u00edo a la secretaria de organizaci\u00f3n nacional del PRI, Graciela Ortiz.\u00a0<br>Alejandro Morena agreg\u00f3 que en la zona 4 que incluyen 36 municipios, entre estos R\u00edo Blanco, Tezonapa, a la ex legisladora federal Citlali Ceja.\u00a0<\/p>\n\n\n\n<p>En la zona 5 que implica en el sur con 51 municipios, entre ellos Minatitl\u00e1n y Coatzacoalcos a Carlos Mancilla. Adem\u00e1s participar\u00e1n la l\u00edder de la CNC, Leticia Barrera y el coordinador de J\u00f3venes Bryan Arozqueta. \u00a0<\/p>\n\n\n\n<p>Moreno C\u00e1rdenas asegur\u00f3: \u201cEstamos muy bien organizados, tenemos a\u00f1os y a\u00f1os de experiencia \u00a0y nos vivir\u00edamos aqu\u00ed porque venimos a competir y a ganar\u201d.<\/p>\n\n\n\n<p>Por \u00faltimo se\u00f1al\u00f3 que, Beatriz Paredes ser\u00e1 la que estar\u00e1 coordinando los esfuerzos de la campa\u00f1a, tambi\u00e9n estar\u00e1 Manuel Cota, l\u00edder nacional de CNC ex senador y ser\u00e1 el responsable de la estructura electoral y validar la representaci\u00f3n del PRI y la coalici\u00f3n.\u00a0<\/p>\n","protected":false},"excerpt":{"rendered":"<p>Dar\u00edo Pale Xalapa, Ver.- Para operar en la campa\u00f1a de la coalici\u00f3n de &#8220;Fuerza y Coraz\u00f3n por Veracruz&#8221;, en el estado el dirigente nacional del Partido Revolucionario Institucional (PRI), Alejandro &#8220;Alito&#8221; Moreno C\u00e1rdenas, dijo que operar\u00e1n en cinco zonas por lo que dio a conocer la lista de quienes operar\u00e1n en cada una de ellas. [&hellip;]<\/p>\n","protected":false},"author":2476,"featured_media":52366,"comment_status":"open","ping_status":"open","sticky":false,"template":"","format":"standard","meta":{"_jetpack_memberships_contains_paid_content":false,"footnotes":""},"categories":[2],"tags":[],"class_list":["post-52365","post","type-post","status-publish","format-standard","has-post-thumbnail","hentry","category-estado"],"jetpack_featured_media_url":"https:\/\/encuentroinformativo.com.mx\/wp-content\/uploads\/2024\/03\/IMG-20240323-WA0055.jpg","jetpack_sharing_enabled":true,"jetpack_likes_enabled":true,"amp_enabled":true,"_links":{"self":[{"href":"https:\/\/encuentroinformativo.com.mx\/index.php?rest_route=\/wp\/v2\/posts\/52365","targetHints":{"allow":["GET"]}}],"collection":[{"href":"https:\/\/encuentroinformativo.com.mx\/index.php?rest_route=\/wp\/v2\/posts"}],"about":[{"href":"https:\/\/encuentroinformativo.com.mx\/index.php?rest_route=\/wp\/v2\/types\/post"}],"author":[{"embeddable":true,"href":"https:\/\/encuentroinformativo.com.mx\/index.php?rest_route=\/wp\/v2\/users\/2476"}],"replies":[{"embeddable":true,"href":"https:\/\/encuentroinformativo.com.mx\/index.php?rest_route=%2Fwp%2Fv2%2Fcomments&post=52365"}],"version-history":[{"count":1,"href":"https:\/\/encuentroinformativo.com.mx\/index.php?rest_route=\/wp\/v2\/posts\/52365\/revisions"}],"predecessor-version":[{"id":52367,"href":"https:\/\/encuentroinformativo.com.mx\/index.php?rest_route=\/wp\/v2\/posts\/52365\/revisions\/52367"}],"wp:featuredmedia":[{"embeddable":true,"href":"https:\/\/encuentroinformativo.com.mx\/index.php?rest_route=\/wp\/v2\/media\/52366"}],"wp:attachment":[{"href":"https:\/\/encuentroinformativo.com.mx\/index.php?rest_route=%2Fwp%2Fv2%2Fmedia&parent=52365"}],"wp:term":[{"taxonomy":"category","embeddable":true,"href":"https:\/\/encuentroinformativo.com.mx\/index.php?rest_route=%2Fwp%2Fv2%2Fcategories&post=52365"},{"taxonomy":"post_tag","embeddable":true,"href":"https:\/\/encuentroinformativo.com.mx\/index.php?rest_route=%2Fwp%2Fv2%2Ftags&post=52365"}],"curies":[{"name":"wp","href":"https:\/\/api.w.org\/{rel}","templated":true}]}}