{"id":52368,"date":"2024-03-23T19:46:43","date_gmt":"2024-03-24T01:46:43","guid":{"rendered":"https:\/\/encuentroinformativo.com.mx\/?p=52368"},"modified":"2024-03-23T19:46:49","modified_gmt":"2024-03-24T01:46:49","slug":"junto-a-pepe-yunes-lograremos-el-cambio-que-veracruz-necesita-yunes-marquez","status":"publish","type":"post","link":"https:\/\/encuentroinformativo.com.mx\/?p=52368","title":{"rendered":"Junto a Pepe Yunes lograremos el cambio que Veracruz necesita: Yunes M\u00e1rquez"},"content":{"rendered":"\n<p><strong>*<em>Acompa\u00f1a a Pepe Yunes en su registro ante el OPLE como candidato a Gobernador de Veracruz<\/em>.<\/strong><\/p>\n\n\n\n<p><strong>*En su recorrido de campa\u00f1a el candidato al Senado, visit\u00f3 los municipios de Coatepec y Xico.<\/strong><\/p>\n\n\n\n<p>Xalapa, Ver.- Miguel \u00c1ngel Yunes M\u00e1rquez, candidato al Senado de la Rep\u00fablica por la coalici\u00f3n Fuerza y Coraz\u00f3n por Veracruz, acompa\u00f1\u00f3 este s\u00e1bado a Pepe Yunes en su registro ante el OPLE como candidato a gobernador del Estado de Veracruz.<\/p>\n\n\n\n<p>Yunes M\u00e1rquez afirm\u00f3 que los veracruzanos tienen la esperanza de un cambio verdadero para Veracruz y para M\u00e9xico, y por ello est\u00e1 seguro que los candidatos de la coalici\u00f3n PAN-PRD-PRD, lograr\u00e1n un triunfo contundente en las pr\u00f3ximas votaciones.<\/p>\n\n\n\n<p>\u201cEstoy muy contento de acompa\u00f1ar al futuro gobernador de Veracruz, a mi amigo Pepe Yunes, un hombre \u00edntegro, un hombre cabal que ha luchado por Veracruz desde hace mucho tiempo y que sin duda tendr\u00e1 la victoria este 2 de junio\u201d, sostuvo.<\/p>\n\n\n\n<p>Al ser cuestionado de los retos que enfrentan c\u00f3mo oposici\u00f3n y ante una posible elecci\u00f3n de estado, Miguel \u00c1ngel Yunes M\u00e1rquez, expres\u00f3 que tiene plena confianza de que los veracruzanos le apoyar\u00e1n con su voto porque ya se est\u00e1n dando cuenta que MORENA y su cuarta transformaci\u00f3n son puras mentiras.<\/p>\n\n\n\n<p>\u201cNosotros casi todas las elecciones hemos estado del lado de la oposici\u00f3n, estamos acostumbrados a trabajar bajo presi\u00f3n y con las amenazas de siempre pero nunca nos hemos rajado\u201d, manifest\u00f3.<\/p>\n\n\n\n<p>Posteriormente, Yunes M\u00e1rquez en su recorrido de campa\u00f1a visit\u00f3 los municipios de Coatepec y Xico.<\/p>\n","protected":false},"excerpt":{"rendered":"<p>*Acompa\u00f1a a Pepe Yunes en su registro ante el OPLE como candidato a Gobernador de Veracruz. *En su recorrido de campa\u00f1a el candidato al Senado, visit\u00f3 los municipios de Coatepec y Xico. Xalapa, Ver.- Miguel \u00c1ngel Yunes M\u00e1rquez, candidato al Senado de la Rep\u00fablica por la coalici\u00f3n Fuerza y Coraz\u00f3n por Veracruz, acompa\u00f1\u00f3 este s\u00e1bado [&hellip;]<\/p>\n","protected":false},"author":2476,"featured_media":52369,"comment_status":"open","ping_status":"open","sticky":false,"template":"","format":"standard","meta":{"_jetpack_memberships_contains_paid_content":false,"footnotes":""},"categories":[2],"tags":[],"class_list":["post-52368","post","type-post","status-publish","format-standard","has-post-thumbnail","hentry","category-estado"],"jetpack_featured_media_url":"https:\/\/encuentroinformativo.com.mx\/wp-content\/uploads\/2024\/03\/IMG-20240323-WA00961.jpg","jetpack_sharing_enabled":true,"jetpack_likes_enabled":true,"amp_enabled":true,"_links":{"self":[{"href":"https:\/\/encuentroinformativo.com.mx\/index.php?rest_route=\/wp\/v2\/posts\/52368","targetHints":{"allow":["GET"]}}],"collection":[{"href":"https:\/\/encuentroinformativo.com.mx\/index.php?rest_route=\/wp\/v2\/posts"}],"about":[{"href":"https:\/\/encuentroinformativo.com.mx\/index.php?rest_route=\/wp\/v2\/types\/post"}],"author":[{"embeddable":true,"href":"https:\/\/encuentroinformativo.com.mx\/index.php?rest_route=\/wp\/v2\/users\/2476"}],"replies":[{"embeddable":true,"href":"https:\/\/encuentroinformativo.com.mx\/index.php?rest_route=%2Fwp%2Fv2%2Fcomments&post=52368"}],"version-history":[{"count":1,"href":"https:\/\/encuentroinformativo.com.mx\/index.php?rest_route=\/wp\/v2\/posts\/52368\/revisions"}],"predecessor-version":[{"id":52370,"href":"https:\/\/encuentroinformativo.com.mx\/index.php?rest_route=\/wp\/v2\/posts\/52368\/revisions\/52370"}],"wp:featuredmedia":[{"embeddable":true,"href":"https:\/\/encuentroinformativo.com.mx\/index.php?rest_route=\/wp\/v2\/media\/52369"}],"wp:attachment":[{"href":"https:\/\/encuentroinformativo.com.mx\/index.php?rest_route=%2Fwp%2Fv2%2Fmedia&parent=52368"}],"wp:term":[{"taxonomy":"category","embeddable":true,"href":"https:\/\/encuentroinformativo.com.mx\/index.php?rest_route=%2Fwp%2Fv2%2Fcategories&post=52368"},{"taxonomy":"post_tag","embeddable":true,"href":"https:\/\/encuentroinformativo.com.mx\/index.php?rest_route=%2Fwp%2Fv2%2Ftags&post=52368"}],"curies":[{"name":"wp","href":"https:\/\/api.w.org\/{rel}","templated":true}]}}