{"id":52376,"date":"2024-03-24T13:33:26","date_gmt":"2024-03-24T19:33:26","guid":{"rendered":"https:\/\/encuentroinformativo.com.mx\/?p=52376"},"modified":"2024-03-24T13:34:30","modified_gmt":"2024-03-24T19:34:30","slug":"se-suman-organizaciones-ciudadanas-al-proyecto-de-pepe-yunes","status":"publish","type":"post","link":"https:\/\/encuentroinformativo.com.mx\/?p=52376","title":{"rendered":"Se suman Organizaciones ciudadanas al proyecto de Pepe Yunes"},"content":{"rendered":"\n<p><strong>Redacci\u00f3n<\/strong> <\/p>\n\n\n\n<p>Xalapa, Ver.- \u201cNo permitiremos que los ciudadanos sigamos siendo rehenes de un gobierno carente de idea; tomaremos el lugar que merecemos, seremos una alianza ciudadana con un papel importante en este proceso democr\u00e1tico en donde defenderemos en las calles y en las urnas el futuro de Veracruz\u201d, con este mensaje la Confederaci\u00f3n de Organizaciones de la Sociedad Civil A.C. (COSOCI), anunci\u00f3 su adhesi\u00f3n al proyecto de Pepe Yunes.<\/p>\n\n\n\n<p>\u201cVeracruz vive tiempos de crisis, vive en un total abandono por parte de sus autoridades\u201d, se\u00f1al\u00f3 la COSOCI tras recordar que el incremento de la inseguridad y las extorsiones han limitado el crecimiento de empresas que, en muchas ocasiones, han tenido que cerrar al no contar con garant\u00edas para realizar su trabajo.<\/p>\n\n\n\n<p>La Confederaci\u00f3n tambi\u00e9n apunto que las y los j\u00f3venes que egresan de las universidades no cuentan con oportunidades para su desarrollo profesional, esto derivado de la falta de empleos que se han visto limitados por la ausencia de inversiones en la entidad.<\/p>\n\n\n\n<p>La corrupci\u00f3n, el abandono del campo, la falta de medicamentos y vacunas, el rezago educativo y la deserci\u00f3n escolar, son tambi\u00e9n situaciones que afectan actualmente a la entidad, de ah\u00ed que las y los veracruzanos, a trav\u00e9s de la organizaci\u00f3n, impulsen acciones para recuperar el rumbo de Veracruz. \u201cSe nos gobierna con directrices err\u00f3neas, en donde los afectados somos los ciudadanos\u201d, agreg\u00f3 la COSOCI.<\/p>\n\n\n\n<p>Y agreg\u00f3: \u201cEs momento de los ciudadanos. Ya basta de culpar a las administraciones anteriores para justificar la inacci\u00f3n del gobierno que ha sido incapaz de generar estabilidad pol\u00edtica y democr\u00e1tica en Veracruz\u201d.<\/p>\n\n\n\n<p>Por lo anterior, en el marco de este pronunciamiento realizado en la capital del estado, las y los integrantes de la Confederaci\u00f3n de Organizaciones de la Sociedad Civil A.C., aseguraron que \u201cestamos convencidos de que en la figura de Pepe Yunes est\u00e1 la mejor opci\u00f3n para gobernar Veracruz\u201d.<\/p>\n\n\n\n<p>Entre las asociaciones que integran la COSOCI se encuentran Ayudemos a Ayudar, Calera Briones, Casa del Migrante Coatepec, Casa Kaab, Ciudadanos Apoyando Ciudadanos, Confederaci\u00f3n de L\u00edderes y Organizaciones Sociales, Consejo Ind\u00edgena del Estado de Veracruz, Congregaciones en Acci\u00f3n, Desarrollando tus Talentos, Escurrimiento Nahualapa, Frente de Trabajadores y Profesionistas de Veracruz.<\/p>\n\n\n\n<p>Adem\u00e1s de la Fundaci\u00f3n Esperanza de Vida, Iniciativa mi Nueva Vida, Juntos Logrando un M\u00e9xico Nuevo, Juntos por el Progreso de Rafael Lucio, Mi coraz\u00f3n por Veracruz, Nantli, No Tengo L\u00edmites, Nuscaaxxi, Perseverancia Igual a Resultados, Pura Neta Veraruz, Redacmex Rotativo, Salud con Perseverancia, Soluciones Alternativa de Resurgimiento Social, Soy Jinete de Cabalgando X Veracruz, Tlacolulan Avanza, Trabajemos en Comunidad, Trascender sin Fronteras, Unidos X la Diversidad, Unidos por Tepetl\u00e1n, Unidos por una Vida Mejor, Un Puente de Apoyo, Yo Amo Dona; entre otras.<\/p>\n","protected":false},"excerpt":{"rendered":"<p>Redacci\u00f3n Xalapa, Ver.- \u201cNo permitiremos que los ciudadanos sigamos siendo rehenes de un gobierno carente de idea; tomaremos el lugar que merecemos, seremos una alianza ciudadana con un papel importante en este proceso democr\u00e1tico en donde defenderemos en las calles y en las urnas el futuro de Veracruz\u201d, con este mensaje la Confederaci\u00f3n de Organizaciones [&hellip;]<\/p>\n","protected":false},"author":2476,"featured_media":52377,"comment_status":"open","ping_status":"open","sticky":false,"template":"","format":"standard","meta":{"_jetpack_memberships_contains_paid_content":false,"footnotes":""},"categories":[2],"tags":[],"class_list":["post-52376","post","type-post","status-publish","format-standard","has-post-thumbnail","hentry","category-estado"],"jetpack_featured_media_url":"https:\/\/encuentroinformativo.com.mx\/wp-content\/uploads\/2024\/03\/IMG-20240324-WA00122.jpg","jetpack_sharing_enabled":true,"jetpack_likes_enabled":true,"amp_enabled":true,"_links":{"self":[{"href":"https:\/\/encuentroinformativo.com.mx\/index.php?rest_route=\/wp\/v2\/posts\/52376","targetHints":{"allow":["GET"]}}],"collection":[{"href":"https:\/\/encuentroinformativo.com.mx\/index.php?rest_route=\/wp\/v2\/posts"}],"about":[{"href":"https:\/\/encuentroinformativo.com.mx\/index.php?rest_route=\/wp\/v2\/types\/post"}],"author":[{"embeddable":true,"href":"https:\/\/encuentroinformativo.com.mx\/index.php?rest_route=\/wp\/v2\/users\/2476"}],"replies":[{"embeddable":true,"href":"https:\/\/encuentroinformativo.com.mx\/index.php?rest_route=%2Fwp%2Fv2%2Fcomments&post=52376"}],"version-history":[{"count":2,"href":"https:\/\/encuentroinformativo.com.mx\/index.php?rest_route=\/wp\/v2\/posts\/52376\/revisions"}],"predecessor-version":[{"id":52379,"href":"https:\/\/encuentroinformativo.com.mx\/index.php?rest_route=\/wp\/v2\/posts\/52376\/revisions\/52379"}],"wp:featuredmedia":[{"embeddable":true,"href":"https:\/\/encuentroinformativo.com.mx\/index.php?rest_route=\/wp\/v2\/media\/52377"}],"wp:attachment":[{"href":"https:\/\/encuentroinformativo.com.mx\/index.php?rest_route=%2Fwp%2Fv2%2Fmedia&parent=52376"}],"wp:term":[{"taxonomy":"category","embeddable":true,"href":"https:\/\/encuentroinformativo.com.mx\/index.php?rest_route=%2Fwp%2Fv2%2Fcategories&post=52376"},{"taxonomy":"post_tag","embeddable":true,"href":"https:\/\/encuentroinformativo.com.mx\/index.php?rest_route=%2Fwp%2Fv2%2Ftags&post=52376"}],"curies":[{"name":"wp","href":"https:\/\/api.w.org\/{rel}","templated":true}]}}