{"id":52383,"date":"2024-03-24T17:37:38","date_gmt":"2024-03-24T23:37:38","guid":{"rendered":"https:\/\/encuentroinformativo.com.mx\/?p=52383"},"modified":"2024-03-24T17:37:43","modified_gmt":"2024-03-24T23:37:43","slug":"acuden-catolicos-a-domingo-de-ramos","status":"publish","type":"post","link":"https:\/\/encuentroinformativo.com.mx\/?p=52383","title":{"rendered":"Acuden cat\u00f3licos a domingo de ramos"},"content":{"rendered":"\n<p>Xalapa, Ver.- Este domingo cientos de feligreses se dieron cita en distintas iglesias para acudir a la bendici\u00f3n del domingo de ramos.<\/p>\n\n\n\n<p>Fecha con la cual se recuerda la entrada de Jes\u00fas a la ciudad de Jerusal\u00e9n, y la iglesia cat\u00f3lica da inicio a las actividades de la Semana Santa. <\/p>\n\n\n\n<p>En la catedral de Xalapa, el Arzobispo Carlos Patr\u00f3n Wong particip\u00f3 de la eucarist\u00eda donde bendijo las palmas de los asistentes a la celebraci\u00f3n religiosa. <\/p>\n\n\n\n<p>Foto: Archivo <\/p>\n","protected":false},"excerpt":{"rendered":"<p>Xalapa, Ver.- Este domingo cientos de feligreses se dieron cita en distintas iglesias para acudir a la bendici\u00f3n del domingo de ramos. Fecha con la cual se recuerda la entrada de Jes\u00fas a la ciudad de Jerusal\u00e9n, y la iglesia cat\u00f3lica da inicio a las actividades de la Semana Santa. En la catedral de Xalapa, [&hellip;]<\/p>\n","protected":false},"author":2476,"featured_media":25766,"comment_status":"open","ping_status":"open","sticky":false,"template":"","format":"standard","meta":{"_jetpack_memberships_contains_paid_content":false,"footnotes":""},"categories":[3],"tags":[],"class_list":["post-52383","post","type-post","status-publish","format-standard","has-post-thumbnail","hentry","category-xalapa"],"jetpack_featured_media_url":"https:\/\/encuentroinformativo.com.mx\/wp-content\/uploads\/2022\/04\/4FCC37F7-71F8-41BB-87B9-43B6FD022EA8.jpeg","jetpack_sharing_enabled":true,"jetpack_likes_enabled":true,"amp_enabled":true,"_links":{"self":[{"href":"https:\/\/encuentroinformativo.com.mx\/index.php?rest_route=\/wp\/v2\/posts\/52383","targetHints":{"allow":["GET"]}}],"collection":[{"href":"https:\/\/encuentroinformativo.com.mx\/index.php?rest_route=\/wp\/v2\/posts"}],"about":[{"href":"https:\/\/encuentroinformativo.com.mx\/index.php?rest_route=\/wp\/v2\/types\/post"}],"author":[{"embeddable":true,"href":"https:\/\/encuentroinformativo.com.mx\/index.php?rest_route=\/wp\/v2\/users\/2476"}],"replies":[{"embeddable":true,"href":"https:\/\/encuentroinformativo.com.mx\/index.php?rest_route=%2Fwp%2Fv2%2Fcomments&post=52383"}],"version-history":[{"count":1,"href":"https:\/\/encuentroinformativo.com.mx\/index.php?rest_route=\/wp\/v2\/posts\/52383\/revisions"}],"predecessor-version":[{"id":52384,"href":"https:\/\/encuentroinformativo.com.mx\/index.php?rest_route=\/wp\/v2\/posts\/52383\/revisions\/52384"}],"wp:featuredmedia":[{"embeddable":true,"href":"https:\/\/encuentroinformativo.com.mx\/index.php?rest_route=\/wp\/v2\/media\/25766"}],"wp:attachment":[{"href":"https:\/\/encuentroinformativo.com.mx\/index.php?rest_route=%2Fwp%2Fv2%2Fmedia&parent=52383"}],"wp:term":[{"taxonomy":"category","embeddable":true,"href":"https:\/\/encuentroinformativo.com.mx\/index.php?rest_route=%2Fwp%2Fv2%2Fcategories&post=52383"},{"taxonomy":"post_tag","embeddable":true,"href":"https:\/\/encuentroinformativo.com.mx\/index.php?rest_route=%2Fwp%2Fv2%2Ftags&post=52383"}],"curies":[{"name":"wp","href":"https:\/\/api.w.org\/{rel}","templated":true}]}}