{"id":52391,"date":"2024-03-25T10:29:11","date_gmt":"2024-03-25T16:29:11","guid":{"rendered":"https:\/\/encuentroinformativo.com.mx\/?p=52391"},"modified":"2024-03-25T10:29:17","modified_gmt":"2024-03-25T16:29:17","slug":"siempre-si-se-revela-maleno-se-declara-en-brazos-caidos","status":"publish","type":"post","link":"https:\/\/encuentroinformativo.com.mx\/?p=52391","title":{"rendered":"\u00a1Siempre s\u00ed! Se revela Maleno, se declara en &#8220;brazos ca\u00eddos&#8221;"},"content":{"rendered":"\n<p><strong>Alejandro \u00c1vila<\/strong><\/p>\n\n\n\n<p>Medell\u00edn de Bravo, Ver.- El diputado local, Magdaleno Rosales Torres, confirm\u00f3 a trav\u00e9s de un en vivo en sus redes sociales que se declara en rebeld\u00eda, y su estructura no apoyar\u00e1 a ning\u00fan candidato impuesto del Verde, en cambio, realizar\u00e1n \u00fanicamente trabajo para promover el voto en favor de la aspirante a la presidencia, Claudia Sheinbaum Pardo.<\/p>\n\n\n\n<p>&#8220;Lo ven dif\u00edcil porque no estamos ayud\u00e1ndoles, y repito, nosotros no vamos a ayudarles, yo lo dije una vez, vamos a promover el voto para Claudia Sheinbaum Pardo, que es la candidata a la presidencia de la rep\u00fablica, lo dem\u00e1s, yo y los que nos quedamos en el movimiento, repito, no nos fuimos a otro lado nos quedamos en el movimiento, nos quedamos de brazos ca\u00eddos, no vamos a ayudar&#8221;, sentenci\u00f3.<\/p>\n\n\n\n<p>El legislador aclar\u00f3 que la estructura que cre\u00f3 durante casi 6 a\u00f1os era en su mayor\u00eda con personas de otros partidos pol\u00edticos y ciudadanos apartidistas, quienes al ver su labor a ras de campo, decidieron sumarse al trabajo a su lado, no con Morena; por lo cual hoy decidieron regresar a sus respectivos institutos pol\u00edticos.<\/p>\n\n\n\n<p>Finalmente, Magdaleno Rosales ratific\u00f3 su molestia y enfatiz\u00f3 su rebeld\u00eda en contra de las c\u00fapulas partidistas que no respetaron la decisi\u00f3n del pueblo a trav\u00e9s de las encuestas, por lo cual invit\u00f3 a toda la militancia de Morena a no votar por los candidatos impuestos del Partido Verde.<\/p>\n","protected":false},"excerpt":{"rendered":"<p>Alejandro \u00c1vila Medell\u00edn de Bravo, Ver.- El diputado local, Magdaleno Rosales Torres, confirm\u00f3 a trav\u00e9s de un en vivo en sus redes sociales que se declara en rebeld\u00eda, y su estructura no apoyar\u00e1 a ning\u00fan candidato impuesto del Verde, en cambio, realizar\u00e1n \u00fanicamente trabajo para promover el voto en favor de la aspirante a la [&hellip;]<\/p>\n","protected":false},"author":2476,"featured_media":52392,"comment_status":"open","ping_status":"open","sticky":false,"template":"","format":"standard","meta":{"_jetpack_memberships_contains_paid_content":false,"footnotes":""},"categories":[2],"tags":[],"class_list":["post-52391","post","type-post","status-publish","format-standard","has-post-thumbnail","hentry","category-estado"],"jetpack_featured_media_url":"https:\/\/encuentroinformativo.com.mx\/wp-content\/uploads\/2024\/03\/IMG-20240325-WA00122.jpg","jetpack_sharing_enabled":true,"jetpack_likes_enabled":true,"amp_enabled":true,"_links":{"self":[{"href":"https:\/\/encuentroinformativo.com.mx\/index.php?rest_route=\/wp\/v2\/posts\/52391","targetHints":{"allow":["GET"]}}],"collection":[{"href":"https:\/\/encuentroinformativo.com.mx\/index.php?rest_route=\/wp\/v2\/posts"}],"about":[{"href":"https:\/\/encuentroinformativo.com.mx\/index.php?rest_route=\/wp\/v2\/types\/post"}],"author":[{"embeddable":true,"href":"https:\/\/encuentroinformativo.com.mx\/index.php?rest_route=\/wp\/v2\/users\/2476"}],"replies":[{"embeddable":true,"href":"https:\/\/encuentroinformativo.com.mx\/index.php?rest_route=%2Fwp%2Fv2%2Fcomments&post=52391"}],"version-history":[{"count":1,"href":"https:\/\/encuentroinformativo.com.mx\/index.php?rest_route=\/wp\/v2\/posts\/52391\/revisions"}],"predecessor-version":[{"id":52393,"href":"https:\/\/encuentroinformativo.com.mx\/index.php?rest_route=\/wp\/v2\/posts\/52391\/revisions\/52393"}],"wp:featuredmedia":[{"embeddable":true,"href":"https:\/\/encuentroinformativo.com.mx\/index.php?rest_route=\/wp\/v2\/media\/52392"}],"wp:attachment":[{"href":"https:\/\/encuentroinformativo.com.mx\/index.php?rest_route=%2Fwp%2Fv2%2Fmedia&parent=52391"}],"wp:term":[{"taxonomy":"category","embeddable":true,"href":"https:\/\/encuentroinformativo.com.mx\/index.php?rest_route=%2Fwp%2Fv2%2Fcategories&post=52391"},{"taxonomy":"post_tag","embeddable":true,"href":"https:\/\/encuentroinformativo.com.mx\/index.php?rest_route=%2Fwp%2Fv2%2Ftags&post=52391"}],"curies":[{"name":"wp","href":"https:\/\/api.w.org\/{rel}","templated":true}]}}