{"id":52397,"date":"2024-03-25T11:29:16","date_gmt":"2024-03-25T17:29:16","guid":{"rendered":"https:\/\/encuentroinformativo.com.mx\/?p=52397"},"modified":"2024-03-25T11:29:21","modified_gmt":"2024-03-25T17:29:21","slug":"ante-incendios-forestales-activan-plan-tajin","status":"publish","type":"post","link":"https:\/\/encuentroinformativo.com.mx\/?p=52397","title":{"rendered":"Ante incendios forestales, activan Plan Taj\u00edn"},"content":{"rendered":"\n<p>Xalapa, Ver.- Elementos de Polic\u00eda Estatal y Fuerza Civil activaron Operativo Plan Taj\u00edn en coordinaci\u00f3n con SEDEMA, PC y CONAFOR para sofocar incendio forestal en el municipio de Maltrata.<\/p>\n\n\n\n<p>De manera conjunta fuerzas de seguridad y de tarea mantienen labores de apoyo, para extinguir el siniestro.<\/p>\n\n\n\n<p>Exhortamos a la poblaci\u00f3n seguir indicaciones oficiales y en caso de observar un incendio reportar de inmediato al 9-1-1.<\/p>\n\n\n\n<p>*Esta informaci\u00f3n es con fines de transparencia y operatividad de las acciones de gobierno de servicio a la poblaci\u00f3n; no puede usarse ni atribuirse a ning\u00fan partido pol\u00edtico con fines electorales o de promoci\u00f3n.<\/p>\n\n\n\n<figure class=\"wp-block-image size-large\"><img loading=\"lazy\" decoding=\"async\" width=\"1024\" height=\"768\" src=\"https:\/\/encuentroinformativo.com.mx\/wp-content\/uploads\/2024\/03\/IMG-20240325-WA0025-1024x768.jpg\" alt=\"\" class=\"wp-image-52399\" srcset=\"https:\/\/encuentroinformativo.com.mx\/wp-content\/uploads\/2024\/03\/IMG-20240325-WA0025-1024x768.jpg 1024w, https:\/\/encuentroinformativo.com.mx\/wp-content\/uploads\/2024\/03\/IMG-20240325-WA0025-300x225.jpg 300w, https:\/\/encuentroinformativo.com.mx\/wp-content\/uploads\/2024\/03\/IMG-20240325-WA0025-768x576.jpg 768w, https:\/\/encuentroinformativo.com.mx\/wp-content\/uploads\/2024\/03\/IMG-20240325-WA0025.jpg 1280w\" sizes=\"auto, (max-width: 1024px) 100vw, 1024px\" \/><\/figure>\n","protected":false},"excerpt":{"rendered":"<p>Xalapa, Ver.- Elementos de Polic\u00eda Estatal y Fuerza Civil activaron Operativo Plan Taj\u00edn en coordinaci\u00f3n con SEDEMA, PC y CONAFOR para sofocar incendio forestal en el municipio de Maltrata. De manera conjunta fuerzas de seguridad y de tarea mantienen labores de apoyo, para extinguir el siniestro. Exhortamos a la poblaci\u00f3n seguir indicaciones oficiales y en [&hellip;]<\/p>\n","protected":false},"author":2476,"featured_media":52398,"comment_status":"open","ping_status":"open","sticky":false,"template":"","format":"standard","meta":{"_jetpack_memberships_contains_paid_content":false,"footnotes":""},"categories":[2],"tags":[],"class_list":["post-52397","post","type-post","status-publish","format-standard","has-post-thumbnail","hentry","category-estado"],"jetpack_featured_media_url":"https:\/\/encuentroinformativo.com.mx\/wp-content\/uploads\/2024\/03\/IMG-20240325-WA0029.jpg","jetpack_sharing_enabled":true,"jetpack_likes_enabled":true,"amp_enabled":true,"_links":{"self":[{"href":"https:\/\/encuentroinformativo.com.mx\/index.php?rest_route=\/wp\/v2\/posts\/52397","targetHints":{"allow":["GET"]}}],"collection":[{"href":"https:\/\/encuentroinformativo.com.mx\/index.php?rest_route=\/wp\/v2\/posts"}],"about":[{"href":"https:\/\/encuentroinformativo.com.mx\/index.php?rest_route=\/wp\/v2\/types\/post"}],"author":[{"embeddable":true,"href":"https:\/\/encuentroinformativo.com.mx\/index.php?rest_route=\/wp\/v2\/users\/2476"}],"replies":[{"embeddable":true,"href":"https:\/\/encuentroinformativo.com.mx\/index.php?rest_route=%2Fwp%2Fv2%2Fcomments&post=52397"}],"version-history":[{"count":1,"href":"https:\/\/encuentroinformativo.com.mx\/index.php?rest_route=\/wp\/v2\/posts\/52397\/revisions"}],"predecessor-version":[{"id":52400,"href":"https:\/\/encuentroinformativo.com.mx\/index.php?rest_route=\/wp\/v2\/posts\/52397\/revisions\/52400"}],"wp:featuredmedia":[{"embeddable":true,"href":"https:\/\/encuentroinformativo.com.mx\/index.php?rest_route=\/wp\/v2\/media\/52398"}],"wp:attachment":[{"href":"https:\/\/encuentroinformativo.com.mx\/index.php?rest_route=%2Fwp%2Fv2%2Fmedia&parent=52397"}],"wp:term":[{"taxonomy":"category","embeddable":true,"href":"https:\/\/encuentroinformativo.com.mx\/index.php?rest_route=%2Fwp%2Fv2%2Fcategories&post=52397"},{"taxonomy":"post_tag","embeddable":true,"href":"https:\/\/encuentroinformativo.com.mx\/index.php?rest_route=%2Fwp%2Fv2%2Ftags&post=52397"}],"curies":[{"name":"wp","href":"https:\/\/api.w.org\/{rel}","templated":true}]}}