{"id":52401,"date":"2024-03-25T12:00:00","date_gmt":"2024-03-25T18:00:00","guid":{"rendered":"https:\/\/encuentroinformativo.com.mx\/?p=52401"},"modified":"2024-03-25T12:00:06","modified_gmt":"2024-03-25T18:00:06","slug":"protestan-en-torre-ssp-acusan-dilacion-en-proceso-judicial-por-falta-de-documentos","status":"publish","type":"post","link":"https:\/\/encuentroinformativo.com.mx\/?p=52401","title":{"rendered":"Protestan en Torre SSP, acusan dilaci\u00f3n en proceso judicial por falta de documentos"},"content":{"rendered":"\n<p><strong>Dar\u00edo Pale <\/strong><\/p>\n\n\n\n<p>Xalapa, Ver.- \u00d3scar Ju\u00e1rez Tellez apoderado legal de los elementos de la extinta polic\u00eda intermunicipal Poza Rica-Tihuatl\u00e1n-Coatzintla, (PIPTC) dio a conocer que personal de la SSP no quiere hacer entrega de la documentaci\u00f3n necesaria para la conclusi\u00f3n de la carpeta de investigaci\u00f3n y que la FGE lleve a cabo las diligencias pertinentes para que los liquiden.<\/p>\n\n\n\n<p>Entrevistado durante la manifestaci\u00f3n en las oficinas de la Torre de la Secretar\u00eda de Seguridad P\u00fablica (SSP), acompa\u00f1ado de aproximadamente otras 15 personas, se\u00f1al\u00f3 que es por una omisi\u00f3n y dilaci\u00f3n a un proceso judicial ya que est\u00e1n entorpeciendo el procedimiento ya que no han entregado los requerimientos que son necesarios para la integraci\u00f3n de la carpeta para llevar a cabo las diligencias pertinentes.<\/p>\n\n\n\n<p>Coment\u00f3 que son casos muy &#8220;a\u00f1ejos&#8221;, que fue en el 2015, cuando interpusieron una denuncia en la fiscal\u00eda anticorrupci\u00f3n en el 2019, y ahora ya est\u00e1n en la parte final del proceso pero la SSP est\u00e1 poniendo &#8220;trabas&#8221;, al igual que la FGE y la regional de Poza Rica.<\/p>\n\n\n\n<p>Son extrabajadores v\u00edctimas directas e indirectas ya que hay 25 finados, son de la SSP en los municipios de Poza Rica-Tihuatl\u00e1n-Coatzintla, y pertenec\u00edan al estado, fue disuelta, les falsificaron las firmas y cobraron los funcionarios p\u00fablicos, les asiste la raz\u00f3n y tienen las pruebas y a\u00fan as\u00ed se portan renuentes para llevar a cabo una liquidaci\u00f3n conforme a derecho.<\/p>\n\n\n\n<p>Algunos tienen m\u00e1s de 70 a\u00f1os en su mayor\u00eda con 25 o 30 a\u00f1os de servicio y lo desafortunado fue que pensaron que en esta administraci\u00f3n les resolver\u00edan pero est\u00e1n peor que &#8220;cuando est\u00e1bamos mal&#8221;.<\/p>\n\n\n\n<p>Se\u00f1alaron que con Ulises Landa llegaron a un acuerdo pero no firmaron ninguna minuta y ahorita no se van a mover, puede ser que vayan a bloquear la avenida principal ya que no hay avances en el proceso por qu\u00e9 no mandan lo que requiere la FGE.<\/p>\n\n\n\n<p>Finalmente se\u00f1al\u00f3 que los extrabajadores se auto emplean ya que debido a su edad no es muy f\u00e1cil que les den un trabajo, esto afect\u00f3 a 600 elementos los cuales fueron despedidos y a ninguno le han pagado \u00e9l representa a 180 personas, y se habla de millones de pesos de adeudo.<\/p>\n\n\n\n<figure class=\"wp-block-image size-large\"><img loading=\"lazy\" decoding=\"async\" width=\"1024\" height=\"461\" src=\"https:\/\/encuentroinformativo.com.mx\/wp-content\/uploads\/2024\/03\/IMG-20240325-WA0040-1024x461.jpg\" alt=\"\" class=\"wp-image-52403\" srcset=\"https:\/\/encuentroinformativo.com.mx\/wp-content\/uploads\/2024\/03\/IMG-20240325-WA0040-1024x461.jpg 1024w, https:\/\/encuentroinformativo.com.mx\/wp-content\/uploads\/2024\/03\/IMG-20240325-WA0040-300x135.jpg 300w, https:\/\/encuentroinformativo.com.mx\/wp-content\/uploads\/2024\/03\/IMG-20240325-WA0040-768x346.jpg 768w, https:\/\/encuentroinformativo.com.mx\/wp-content\/uploads\/2024\/03\/IMG-20240325-WA0040.jpg 1280w\" sizes=\"auto, (max-width: 1024px) 100vw, 1024px\" \/><\/figure>\n","protected":false},"excerpt":{"rendered":"<p>Dar\u00edo Pale Xalapa, Ver.- \u00d3scar Ju\u00e1rez Tellez apoderado legal de los elementos de la extinta polic\u00eda intermunicipal Poza Rica-Tihuatl\u00e1n-Coatzintla, (PIPTC) dio a conocer que personal de la SSP no quiere hacer entrega de la documentaci\u00f3n necesaria para la conclusi\u00f3n de la carpeta de investigaci\u00f3n y que la FGE lleve a cabo las diligencias pertinentes para [&hellip;]<\/p>\n","protected":false},"author":2476,"featured_media":52402,"comment_status":"open","ping_status":"open","sticky":false,"template":"","format":"standard","meta":{"_jetpack_memberships_contains_paid_content":false,"footnotes":""},"categories":[2],"tags":[],"class_list":["post-52401","post","type-post","status-publish","format-standard","has-post-thumbnail","hentry","category-estado"],"jetpack_featured_media_url":"https:\/\/encuentroinformativo.com.mx\/wp-content\/uploads\/2024\/03\/IMG-20240325-WA0047.jpg","jetpack_sharing_enabled":true,"jetpack_likes_enabled":true,"amp_enabled":true,"_links":{"self":[{"href":"https:\/\/encuentroinformativo.com.mx\/index.php?rest_route=\/wp\/v2\/posts\/52401","targetHints":{"allow":["GET"]}}],"collection":[{"href":"https:\/\/encuentroinformativo.com.mx\/index.php?rest_route=\/wp\/v2\/posts"}],"about":[{"href":"https:\/\/encuentroinformativo.com.mx\/index.php?rest_route=\/wp\/v2\/types\/post"}],"author":[{"embeddable":true,"href":"https:\/\/encuentroinformativo.com.mx\/index.php?rest_route=\/wp\/v2\/users\/2476"}],"replies":[{"embeddable":true,"href":"https:\/\/encuentroinformativo.com.mx\/index.php?rest_route=%2Fwp%2Fv2%2Fcomments&post=52401"}],"version-history":[{"count":1,"href":"https:\/\/encuentroinformativo.com.mx\/index.php?rest_route=\/wp\/v2\/posts\/52401\/revisions"}],"predecessor-version":[{"id":52404,"href":"https:\/\/encuentroinformativo.com.mx\/index.php?rest_route=\/wp\/v2\/posts\/52401\/revisions\/52404"}],"wp:featuredmedia":[{"embeddable":true,"href":"https:\/\/encuentroinformativo.com.mx\/index.php?rest_route=\/wp\/v2\/media\/52402"}],"wp:attachment":[{"href":"https:\/\/encuentroinformativo.com.mx\/index.php?rest_route=%2Fwp%2Fv2%2Fmedia&parent=52401"}],"wp:term":[{"taxonomy":"category","embeddable":true,"href":"https:\/\/encuentroinformativo.com.mx\/index.php?rest_route=%2Fwp%2Fv2%2Fcategories&post=52401"},{"taxonomy":"post_tag","embeddable":true,"href":"https:\/\/encuentroinformativo.com.mx\/index.php?rest_route=%2Fwp%2Fv2%2Ftags&post=52401"}],"curies":[{"name":"wp","href":"https:\/\/api.w.org\/{rel}","templated":true}]}}