{"id":52405,"date":"2024-03-25T12:30:04","date_gmt":"2024-03-25T18:30:04","guid":{"rendered":"https:\/\/encuentroinformativo.com.mx\/?p=52405"},"modified":"2024-03-25T14:01:25","modified_gmt":"2024-03-25T20:01:25","slug":"acusan-a-parroco-de-veracruz-de-negar-misa-a-quinceaneras-de-bajos-recursos","status":"publish","type":"post","link":"https:\/\/encuentroinformativo.com.mx\/?p=52405","title":{"rendered":"Acusan a p\u00e1rroco de Veracruz de negar misa a quincea\u00f1eras de bajos recursos"},"content":{"rendered":"\n<p><strong>Alejandro \u00c1vila<\/strong><\/p>\n\n\n\n<p>Veracruz, Ver.- El p\u00e1rroco de la Catedral de Veracruz, Aurelio Mojica Lim\u00f3n, le neg\u00f3 la misa a quincea\u00f1eras de bajos recursos se\u00f1al\u00f3, Guillermo Izacur Maldonado, presidente Comunidad Jarochos LGBTQ+.<\/p>\n\n\n\n<p>&#8220;F\u00edjate que nunca hab\u00edamos tenido problemas con la iglesia porque afortunadamente estaba el padre V\u00edctor, y \u00e9l nos regalaba la misa, nunca nos cobr\u00f3 un peso, nos decoraba la iglesia bien, pero ahora este a\u00f1o el padre Mojica nos neg\u00f3 a la iglesia (\u2026) pues seg\u00fan que estamos muy remisos que no le hab\u00edamos avisado antes, ahora tenemos un oficio desde que a principios de a\u00f1o le llevamos el oficio como hac\u00edamos con el otro padre, y obviamente que \u00e9l no quiere porque por buenas fuentes sabemos que cuando vio que era de la comunidad LGBTQ+ dijo que no, \u00e9l piensa que vamos a venir con plumas y cascabeles aqu\u00ed a la iglesia y no es as\u00ed, el se\u00f1or es homof\u00f3ico y nos discrimin\u00f3&#8221;, asest\u00f3 el empresario altruista.<\/p>\n\n\n\n<p>El activista de la comunidad LGBT mencion\u00f3 que desde hace 19 a\u00f1os llevan a cabo en Veracruz el evento denominado &#8220;La Magia de tus XV&#8221;, un evento altruista para 15 jovencitas a quienes se les regala el vestido, la log\u00edstica del evento y la fiesta, el pr\u00f3ximo 3 de mayo en conocido hotel de Boca del R\u00edo.<\/p>\n\n\n\n<p>&#8220;Todo nosotros le regalamos, seleccionamos a las ni\u00f1as que necesiten o quieran participar en el evento y con mucho gusto las recibimos (\u2026) esto ha sido en colonias, vamos a ver a las l\u00edderes de colonias, como ya tenemos los contactos porque ya es nuestra 19 edici\u00f3n, hay algunas que son hermanas de las primeras que fueron quincea\u00f1eras, y ya tenemos los contactos de quienes s\u00ed pueden participar&#8221;, coment\u00f3.<\/p>\n\n\n\n<p>Guillermo Izacur, dijo que el costo por cada quincea\u00f1era supera los 15 mil pesos, todos estos recursos son solventados con el apoyo de patrocinadores y amigos maquillistas, dise\u00f1adores y due\u00f1os de casas de banquetes, decoradores, entre otros.<\/p>\n","protected":false},"excerpt":{"rendered":"<p>Alejandro \u00c1vila Veracruz, Ver.- El p\u00e1rroco de la Catedral de Veracruz, Aurelio Mojica Lim\u00f3n, le neg\u00f3 la misa a quincea\u00f1eras de bajos recursos se\u00f1al\u00f3, Guillermo Izacur Maldonado, presidente Comunidad Jarochos LGBTQ+. &#8220;F\u00edjate que nunca hab\u00edamos tenido problemas con la iglesia porque afortunadamente estaba el padre V\u00edctor, y \u00e9l nos regalaba la misa, nunca nos cobr\u00f3 [&hellip;]<\/p>\n","protected":false},"author":2476,"featured_media":52406,"comment_status":"open","ping_status":"open","sticky":false,"template":"","format":"standard","meta":{"_jetpack_memberships_contains_paid_content":false,"footnotes":""},"categories":[2],"tags":[],"class_list":["post-52405","post","type-post","status-publish","format-standard","has-post-thumbnail","hentry","category-estado"],"jetpack_featured_media_url":"https:\/\/encuentroinformativo.com.mx\/wp-content\/uploads\/2024\/03\/IMG-20240325-WA0051.jpg","jetpack_sharing_enabled":true,"jetpack_likes_enabled":true,"amp_enabled":true,"_links":{"self":[{"href":"https:\/\/encuentroinformativo.com.mx\/index.php?rest_route=\/wp\/v2\/posts\/52405","targetHints":{"allow":["GET"]}}],"collection":[{"href":"https:\/\/encuentroinformativo.com.mx\/index.php?rest_route=\/wp\/v2\/posts"}],"about":[{"href":"https:\/\/encuentroinformativo.com.mx\/index.php?rest_route=\/wp\/v2\/types\/post"}],"author":[{"embeddable":true,"href":"https:\/\/encuentroinformativo.com.mx\/index.php?rest_route=\/wp\/v2\/users\/2476"}],"replies":[{"embeddable":true,"href":"https:\/\/encuentroinformativo.com.mx\/index.php?rest_route=%2Fwp%2Fv2%2Fcomments&post=52405"}],"version-history":[{"count":2,"href":"https:\/\/encuentroinformativo.com.mx\/index.php?rest_route=\/wp\/v2\/posts\/52405\/revisions"}],"predecessor-version":[{"id":52414,"href":"https:\/\/encuentroinformativo.com.mx\/index.php?rest_route=\/wp\/v2\/posts\/52405\/revisions\/52414"}],"wp:featuredmedia":[{"embeddable":true,"href":"https:\/\/encuentroinformativo.com.mx\/index.php?rest_route=\/wp\/v2\/media\/52406"}],"wp:attachment":[{"href":"https:\/\/encuentroinformativo.com.mx\/index.php?rest_route=%2Fwp%2Fv2%2Fmedia&parent=52405"}],"wp:term":[{"taxonomy":"category","embeddable":true,"href":"https:\/\/encuentroinformativo.com.mx\/index.php?rest_route=%2Fwp%2Fv2%2Fcategories&post=52405"},{"taxonomy":"post_tag","embeddable":true,"href":"https:\/\/encuentroinformativo.com.mx\/index.php?rest_route=%2Fwp%2Fv2%2Ftags&post=52405"}],"curies":[{"name":"wp","href":"https:\/\/api.w.org\/{rel}","templated":true}]}}