{"id":52408,"date":"2024-03-25T12:41:13","date_gmt":"2024-03-25T18:41:13","guid":{"rendered":"https:\/\/encuentroinformativo.com.mx\/?p=52408"},"modified":"2024-03-25T12:41:18","modified_gmt":"2024-03-25T18:41:18","slug":"animalistas-piden-no-danar-fauna-silvestre","status":"publish","type":"post","link":"https:\/\/encuentroinformativo.com.mx\/?p=52408","title":{"rendered":"Animalistas piden no da\u00f1ar fauna silvestre"},"content":{"rendered":"\n<p><strong>Dar\u00edo Pale <\/strong><\/p>\n\n\n\n<p>Xalapa, Ver.- Integrantes de la asociaci\u00f3n civil &#8220;Regalemos un Paraizoo A.C., hicieron un llamado a las autoridades y a la poblaci\u00f3n en general para evitar da\u00f1ar a la fauna silvestre durante la \u00e9poca de reproducci\u00f3n y crianza, misma que inici\u00f3 con la primavera y finaliza en verano.<\/p>\n\n\n\n<p>En conferencia de prensa se\u00f1alaron que, &#8220;la fauna silvestre vive como refugiados en un terreno que han visto transformarse de manera acelerada y demencial, un terreno que antes de ser un centro comercial o fraccionamiento era un pedazo del bosque de niebla, por ello, lo que nos resta es respetar a las especies que desplazan en busca de alimento y refugio&#8221;.\u00a0<\/p>\n\n\n\n<p>En el caso de la poblaci\u00f3n, los activistas recomendaron mantener a los perros y gatos dentro de los hogares por las noches y evitar que salgan solos. As\u00ed como reducir la velocidad al transitar a bordo de un veh\u00edculo y se est\u00e9 cerca de \u00e1reas naturales.<\/p>\n\n\n\n<p>Mientras que a las autoridades municipales y de Medio Ambiente les solicitaron abstenerse de realizar podas o talas en esta temporada, ya que realizan estas acciones a pesar de que la fauna depende de los \u00e1rboles para criar.<\/p>\n\n\n\n<p>Se\u00f1alaron que las cr\u00edas y las madres son las m\u00e1s afectadas en esta temporada de reproducci\u00f3n, ya que salen a buscar alimentos.<\/p>\n\n\n\n<p>&#8220;No s\u00e9 si sea coincidencia, no s\u00e9 si sea desconocimiento, pero s\u00ed he notado que por alguna extra\u00f1a raz\u00f3n en esta \u00e9poca es cuando m\u00e1s talas veo, cuando m\u00e1s talas hay&#8221;, mencion\u00f3 Rafael Bravo Araujo, presidente de la asociaci\u00f3n civil.<\/p>\n\n\n\n<p>Agregaron que los tlacuaches, serpientes y tapacaminos son los que mayormente sufren incidentes y los problemas principales son los atropellamiento.\u00a0<\/p>\n\n\n\n<p>Los activistas lamentaron que los rescates de este tipo de ejemplares se sigan dando debido al crecimiento irregular de la ciudad, mismo que acaba con el h\u00e1bitad natural de los animales.<\/p>\n\n\n\n<p>Finalmente invitaron a la sociedad a sumarse a la causa a trav\u00e9s de su donativo a favor de la crianza y rehabilitaci\u00f3n.<\/p>\n","protected":false},"excerpt":{"rendered":"<p>Dar\u00edo Pale Xalapa, Ver.- Integrantes de la asociaci\u00f3n civil &#8220;Regalemos un Paraizoo A.C., hicieron un llamado a las autoridades y a la poblaci\u00f3n en general para evitar da\u00f1ar a la fauna silvestre durante la \u00e9poca de reproducci\u00f3n y crianza, misma que inici\u00f3 con la primavera y finaliza en verano. En conferencia de prensa se\u00f1alaron que, [&hellip;]<\/p>\n","protected":false},"author":2476,"featured_media":52409,"comment_status":"open","ping_status":"open","sticky":false,"template":"","format":"standard","meta":{"_jetpack_memberships_contains_paid_content":false,"footnotes":""},"categories":[3],"tags":[],"class_list":["post-52408","post","type-post","status-publish","format-standard","has-post-thumbnail","hentry","category-xalapa"],"jetpack_featured_media_url":"https:\/\/encuentroinformativo.com.mx\/wp-content\/uploads\/2024\/03\/IMG-20240325-WA00682.jpg","jetpack_sharing_enabled":true,"jetpack_likes_enabled":true,"amp_enabled":true,"_links":{"self":[{"href":"https:\/\/encuentroinformativo.com.mx\/index.php?rest_route=\/wp\/v2\/posts\/52408","targetHints":{"allow":["GET"]}}],"collection":[{"href":"https:\/\/encuentroinformativo.com.mx\/index.php?rest_route=\/wp\/v2\/posts"}],"about":[{"href":"https:\/\/encuentroinformativo.com.mx\/index.php?rest_route=\/wp\/v2\/types\/post"}],"author":[{"embeddable":true,"href":"https:\/\/encuentroinformativo.com.mx\/index.php?rest_route=\/wp\/v2\/users\/2476"}],"replies":[{"embeddable":true,"href":"https:\/\/encuentroinformativo.com.mx\/index.php?rest_route=%2Fwp%2Fv2%2Fcomments&post=52408"}],"version-history":[{"count":1,"href":"https:\/\/encuentroinformativo.com.mx\/index.php?rest_route=\/wp\/v2\/posts\/52408\/revisions"}],"predecessor-version":[{"id":52410,"href":"https:\/\/encuentroinformativo.com.mx\/index.php?rest_route=\/wp\/v2\/posts\/52408\/revisions\/52410"}],"wp:featuredmedia":[{"embeddable":true,"href":"https:\/\/encuentroinformativo.com.mx\/index.php?rest_route=\/wp\/v2\/media\/52409"}],"wp:attachment":[{"href":"https:\/\/encuentroinformativo.com.mx\/index.php?rest_route=%2Fwp%2Fv2%2Fmedia&parent=52408"}],"wp:term":[{"taxonomy":"category","embeddable":true,"href":"https:\/\/encuentroinformativo.com.mx\/index.php?rest_route=%2Fwp%2Fv2%2Fcategories&post=52408"},{"taxonomy":"post_tag","embeddable":true,"href":"https:\/\/encuentroinformativo.com.mx\/index.php?rest_route=%2Fwp%2Fv2%2Ftags&post=52408"}],"curies":[{"name":"wp","href":"https:\/\/api.w.org\/{rel}","templated":true}]}}