{"id":52411,"date":"2024-03-25T12:52:48","date_gmt":"2024-03-25T18:52:48","guid":{"rendered":"https:\/\/encuentroinformativo.com.mx\/?p=52411"},"modified":"2024-03-25T12:52:54","modified_gmt":"2024-03-25T18:52:54","slug":"en-menos-de-un-ano-atiende-ople-16-casos-de-violencia-politica-en-razon-de-genero","status":"publish","type":"post","link":"https:\/\/encuentroinformativo.com.mx\/?p=52411","title":{"rendered":"En menos de un a\u00f1o atiende OPLE 16 casos de violencia pol\u00edtica en raz\u00f3n de g\u00e9nero"},"content":{"rendered":"\n<p><strong>Alejandro \u00c1vila<\/strong><\/p>\n\n\n\n<p>Veracruz, Ver.- A menos de un a\u00f1o de su creaci\u00f3n, el Grupo Multidisciplinario para la Atenci\u00f3n de Casos de Violencia Pol\u00edtica en Raz\u00f3n de G\u00e9nero del Organismo P\u00fablico Local Electoral (OPLE) de Veracruz, ha brindado atenci\u00f3n a 16 casos.<\/p>\n\n\n\n<p>Jessica Yoselin P\u00e9rez Vel\u00e1zquez, Analista de Riesgo, mencion\u00f3 que los casos son analizados por cuatro mujeres con estudios en derecho, psicolog\u00eda, trabajo social y ciencias pol\u00edticas.<\/p>\n\n\n\n<p>&#8220;El grupo inici\u00f3 el primero de junio del a\u00f1o pasado y tenemos hasta este momento 16 quejas, tenemos tambi\u00e9n quejas en tr\u00e1mite, una queja en tr\u00e1mite, y lo que nosotros realizamos son las propuestas de la medidas de protecci\u00f3n a la Secretar\u00eda Ejecutiva, esto para salvaguardar la integridad f\u00edsica y psicol\u00f3gica de la persona que est\u00e1 denunciando (\u2026) Veracruz, el Organismo P\u00fablico Local Electoral es pionero en este grupo, como tal dio inicio el primero de junio del a\u00f1o pasado, y a comparaci\u00f3n del a\u00f1o pasado podr\u00edamos decir que ahorita por el proceso electoral s\u00ed ha aumentado o incrementado lo que es el n\u00famero de quejas, pero tambi\u00e9n han sido atendidas de manera particular, en este caso por la perspectiva que se tiene con el grupo&#8221;, subray\u00f3.<\/p>\n\n\n\n<p>Jessica P\u00e9rez integrante del Grupo Multidisciplinario para la Atenci\u00f3n de Casos de Violencia Pol\u00edtica en Raz\u00f3n de G\u00e9nero del OPLE, mencion\u00f3 que entre las denunciantes se encuentran regidoras, s\u00edndicas e incluso presidentas municipales, quienes han sido violentadas por otros funcionarios p\u00fablicos.<\/p>\n\n\n\n<p>Este ponencia interactiva que fue dirigida a integrantes de colectivos y aspirantes a un cargo p\u00fablico, fue realizada por la Asociaci\u00f3n Civil &#8220;Mujeres de Impacto Social&#8221;, la cual fund\u00f3 hace m\u00e1s de 10 a\u00f1os, la actual regidora, Lissethe Mart\u00ednez Echeverr\u00eda.<\/p>\n","protected":false},"excerpt":{"rendered":"<p>Alejandro \u00c1vila Veracruz, Ver.- A menos de un a\u00f1o de su creaci\u00f3n, el Grupo Multidisciplinario para la Atenci\u00f3n de Casos de Violencia Pol\u00edtica en Raz\u00f3n de G\u00e9nero del Organismo P\u00fablico Local Electoral (OPLE) de Veracruz, ha brindado atenci\u00f3n a 16 casos. Jessica Yoselin P\u00e9rez Vel\u00e1zquez, Analista de Riesgo, mencion\u00f3 que los casos son analizados por [&hellip;]<\/p>\n","protected":false},"author":2476,"featured_media":52412,"comment_status":"open","ping_status":"open","sticky":false,"template":"","format":"standard","meta":{"_jetpack_memberships_contains_paid_content":false,"footnotes":""},"categories":[2],"tags":[],"class_list":["post-52411","post","type-post","status-publish","format-standard","has-post-thumbnail","hentry","category-estado"],"jetpack_featured_media_url":"https:\/\/encuentroinformativo.com.mx\/wp-content\/uploads\/2024\/03\/IMG-20240325-WA00802.jpg","jetpack_sharing_enabled":true,"jetpack_likes_enabled":true,"amp_enabled":true,"_links":{"self":[{"href":"https:\/\/encuentroinformativo.com.mx\/index.php?rest_route=\/wp\/v2\/posts\/52411","targetHints":{"allow":["GET"]}}],"collection":[{"href":"https:\/\/encuentroinformativo.com.mx\/index.php?rest_route=\/wp\/v2\/posts"}],"about":[{"href":"https:\/\/encuentroinformativo.com.mx\/index.php?rest_route=\/wp\/v2\/types\/post"}],"author":[{"embeddable":true,"href":"https:\/\/encuentroinformativo.com.mx\/index.php?rest_route=\/wp\/v2\/users\/2476"}],"replies":[{"embeddable":true,"href":"https:\/\/encuentroinformativo.com.mx\/index.php?rest_route=%2Fwp%2Fv2%2Fcomments&post=52411"}],"version-history":[{"count":1,"href":"https:\/\/encuentroinformativo.com.mx\/index.php?rest_route=\/wp\/v2\/posts\/52411\/revisions"}],"predecessor-version":[{"id":52413,"href":"https:\/\/encuentroinformativo.com.mx\/index.php?rest_route=\/wp\/v2\/posts\/52411\/revisions\/52413"}],"wp:featuredmedia":[{"embeddable":true,"href":"https:\/\/encuentroinformativo.com.mx\/index.php?rest_route=\/wp\/v2\/media\/52412"}],"wp:attachment":[{"href":"https:\/\/encuentroinformativo.com.mx\/index.php?rest_route=%2Fwp%2Fv2%2Fmedia&parent=52411"}],"wp:term":[{"taxonomy":"category","embeddable":true,"href":"https:\/\/encuentroinformativo.com.mx\/index.php?rest_route=%2Fwp%2Fv2%2Fcategories&post=52411"},{"taxonomy":"post_tag","embeddable":true,"href":"https:\/\/encuentroinformativo.com.mx\/index.php?rest_route=%2Fwp%2Fv2%2Ftags&post=52411"}],"curies":[{"name":"wp","href":"https:\/\/api.w.org\/{rel}","templated":true}]}}