{"id":52415,"date":"2024-03-25T14:06:20","date_gmt":"2024-03-25T20:06:20","guid":{"rendered":"https:\/\/encuentroinformativo.com.mx\/?p=52415"},"modified":"2024-03-25T14:06:24","modified_gmt":"2024-03-25T20:06:24","slug":"reconocen-trayectoria-de-enfermeras-y-enfermeros-de-centros-de-salud-de-medellin","status":"publish","type":"post","link":"https:\/\/encuentroinformativo.com.mx\/?p=52415","title":{"rendered":"Reconocen trayectoria de enfermeras y enfermeros de Centros de Salud de Medell\u00edn"},"content":{"rendered":"\n<p><strong>Alejandro \u00c1vila<\/strong><\/p>\n\n\n\n<p>Medell\u00edn de Bravo, Ver.- Este fin de semana se llev\u00f3 a cabo un evento por parte de la Asociaci\u00f3n Civil MEMO, para reconocer la labor de las enfermeras y enfermeros que laboran en los Centros de Salud en las localidades del municipio de Medell\u00edn de Bravo.<\/p>\n\n\n\n<p>Cabe destacar que, el municipio de Medell\u00edn de Bravo a pesar de ser uno de los de mayor extensi\u00f3n territorial y con un crecimiento inmobiliario importante durante los \u00faltimos a\u00f1os, a\u00fan no cuenta con un hospital de primer nivel del sector salud, situaci\u00f3n que hace m\u00e1s importante el trabajo que desarrollan los trabajadores de la salud en las zonas rurales.<\/p>\n\n\n\n<p>Conocedor de esta situaci\u00f3n, el empresario, Guillermo Herrada Jim\u00e9nez, realiz\u00f3 un evento para reconocer la loable labor de los trabajadores de la salud en el municipio de Medell\u00edn de Bravo, quienes se destacan por su dedicaci\u00f3n, compromiso y entrega en el cuidado de los pacientes y en la promoci\u00f3n de la salud en la comunidad.<\/p>\n\n\n\n<p>\u201cSiempre he trabajado por hacer una diferencia y d\u00eda a d\u00eda me gusta caminar de la mano de las personas que buscan el bien com\u00fan, por eso mi reconocimiento a las enfermeras y enfermeros de mi querido Medell\u00edn, esos guerreros incansables que desarrollan tan loable labor\u201d, manifest\u00f3 Memo Herrada.<\/p>\n\n\n\n<p>En tan emotivo evento se llev\u00f3 a cabo la entrega de reconocimientos, destacando los a\u00f1os de servicio de cada uno de los profesionales de la salud, la enfermera Guillermina M\u00e1rquez Infanz\u00f3n, quien lleva siendo enfermera 40 a\u00f1os y la enfermera Rosa Murcia, con 49 a\u00f1os&nbsp; de servicio en el Centro de Salud del Tejar, siendo una referencia y ejemplo para todos los enfermeros de Medell\u00edn.<\/p>\n","protected":false},"excerpt":{"rendered":"<p>Alejandro \u00c1vila Medell\u00edn de Bravo, Ver.- Este fin de semana se llev\u00f3 a cabo un evento por parte de la Asociaci\u00f3n Civil MEMO, para reconocer la labor de las enfermeras y enfermeros que laboran en los Centros de Salud en las localidades del municipio de Medell\u00edn de Bravo. Cabe destacar que, el municipio de Medell\u00edn [&hellip;]<\/p>\n","protected":false},"author":2476,"featured_media":52416,"comment_status":"open","ping_status":"open","sticky":false,"template":"","format":"standard","meta":{"_jetpack_memberships_contains_paid_content":false,"footnotes":""},"categories":[9],"tags":[],"class_list":["post-52415","post","type-post","status-publish","format-standard","has-post-thumbnail","hentry","category-salud"],"jetpack_featured_media_url":"https:\/\/encuentroinformativo.com.mx\/wp-content\/uploads\/2024\/03\/IMG-20240325-WA00832.jpg","jetpack_sharing_enabled":true,"jetpack_likes_enabled":true,"amp_enabled":true,"_links":{"self":[{"href":"https:\/\/encuentroinformativo.com.mx\/index.php?rest_route=\/wp\/v2\/posts\/52415","targetHints":{"allow":["GET"]}}],"collection":[{"href":"https:\/\/encuentroinformativo.com.mx\/index.php?rest_route=\/wp\/v2\/posts"}],"about":[{"href":"https:\/\/encuentroinformativo.com.mx\/index.php?rest_route=\/wp\/v2\/types\/post"}],"author":[{"embeddable":true,"href":"https:\/\/encuentroinformativo.com.mx\/index.php?rest_route=\/wp\/v2\/users\/2476"}],"replies":[{"embeddable":true,"href":"https:\/\/encuentroinformativo.com.mx\/index.php?rest_route=%2Fwp%2Fv2%2Fcomments&post=52415"}],"version-history":[{"count":1,"href":"https:\/\/encuentroinformativo.com.mx\/index.php?rest_route=\/wp\/v2\/posts\/52415\/revisions"}],"predecessor-version":[{"id":52417,"href":"https:\/\/encuentroinformativo.com.mx\/index.php?rest_route=\/wp\/v2\/posts\/52415\/revisions\/52417"}],"wp:featuredmedia":[{"embeddable":true,"href":"https:\/\/encuentroinformativo.com.mx\/index.php?rest_route=\/wp\/v2\/media\/52416"}],"wp:attachment":[{"href":"https:\/\/encuentroinformativo.com.mx\/index.php?rest_route=%2Fwp%2Fv2%2Fmedia&parent=52415"}],"wp:term":[{"taxonomy":"category","embeddable":true,"href":"https:\/\/encuentroinformativo.com.mx\/index.php?rest_route=%2Fwp%2Fv2%2Fcategories&post=52415"},{"taxonomy":"post_tag","embeddable":true,"href":"https:\/\/encuentroinformativo.com.mx\/index.php?rest_route=%2Fwp%2Fv2%2Ftags&post=52415"}],"curies":[{"name":"wp","href":"https:\/\/api.w.org\/{rel}","templated":true}]}}