{"id":52418,"date":"2024-03-25T14:13:51","date_gmt":"2024-03-25T20:13:51","guid":{"rendered":"https:\/\/encuentroinformativo.com.mx\/?p=52418"},"modified":"2024-03-25T14:13:55","modified_gmt":"2024-03-25T20:13:55","slug":"desde-cotaxtla-miguel-angel-yunes-marquez-se-compromete-a-fortalecer-el-sistema-de-salud-de-los-veracruzanos","status":"publish","type":"post","link":"https:\/\/encuentroinformativo.com.mx\/?p=52418","title":{"rendered":"Desde Cotaxtla, Miguel \u00c1ngel Yunes M\u00e1rquez, se compromete a fortalecer el sistema de salud de los veracruzanos"},"content":{"rendered":"\n<p><strong>*Denuncia la falta de medicamentos en los hospitales.<\/strong><\/p>\n\n\n\n<p>Cotaxtla, Ver.- El candidato al Senado de la Rep\u00fablica por la coalici\u00f3n &#8220;Fuerza y Coraz\u00f3n por Veracruz&#8221;, Miguel \u00c1ngel Yunes M\u00e1rquez, visit\u00f3 el municipio de Cotaxtla, donde se comprometi\u00f3 a trabajar desde el Senado para fortalecer el sistema de salud para que los veracruzanos tengan servicios de calidad.<\/p>\n\n\n\n<p>Durante su discurso, Yunes M\u00e1rquez destac\u00f3 la crisis situaci\u00f3n del sistema de salud en Veracruz, denunciando la escasez de medicamentos y la falta de insumos b\u00e1sicos en los centros de salud, cl\u00ednicas y hospitales de la entidad.<\/p>\n\n\n\n<p>&#8220;Cuando estos de MORENA defienden la famosa Cuarta Transformaci\u00f3n, yo les pregunto donde est\u00e1n los servicios de salud como los de Dinamarca que prometieron; no saben cu\u00e1nta gente me he encontrado qu\u00e9 s\u00e9 rompieron el brazo o una pierna y qu\u00e9 no los pudieron operar porque no hab\u00edan los clavos, ten\u00edan que comprarlos y \u00e9stos cuestan mas de 20 mil pesos\u201d, subray\u00f3.<\/p>\n\n\n\n<p>El candidato tambi\u00e9n expres\u00f3 su agradecimiento a los habitantes de Cotaxtla y su total convicci\u00f3n de que la coalici\u00f3n &#8220;Fuerza y Coraz\u00f3n por Veracruz&#8221; lograr\u00e1 la victoria en las pr\u00f3ximas elecciones.<\/p>\n\n\n\n<p>&#8220;Estoy totalmente convencido de que vamos a ganar&#8221;, afirm\u00f3, destacando el compromiso y la determinaci\u00f3n del equipo de hombres y mujeres que lo respaldan en esta contienda electoral.<\/p>\n\n\n\n<p>El candidato hizo un llamado a la acci\u00f3n, instando a los presentes a no bajar la guardia y a trabajar incansablemente hasta el \u00faltimo d\u00eda de la campa\u00f1a electoral.<\/p>\n\n\n\n<p>&#8220;Yo no me voy hasta que hagan un compromiso conmigo de que no vamos a dejar de trabajar hasta el \u00faltimo d\u00eda&#8221;, enfatiz\u00f3.<\/p>\n\n\n\n<p>Por \u00faltimo, Miguel \u00c1ngel Yunes M\u00e1rquez reafirm\u00f3 su confianza en el respaldo de los habitantes Cotaxtla y su compromiso de trabajar incansablemente por un Veracruz mejor para todos.<\/p>\n","protected":false},"excerpt":{"rendered":"<p>*Denuncia la falta de medicamentos en los hospitales. Cotaxtla, Ver.- El candidato al Senado de la Rep\u00fablica por la coalici\u00f3n &#8220;Fuerza y Coraz\u00f3n por Veracruz&#8221;, Miguel \u00c1ngel Yunes M\u00e1rquez, visit\u00f3 el municipio de Cotaxtla, donde se comprometi\u00f3 a trabajar desde el Senado para fortalecer el sistema de salud para que los veracruzanos tengan servicios de [&hellip;]<\/p>\n","protected":false},"author":2476,"featured_media":52419,"comment_status":"open","ping_status":"open","sticky":false,"template":"","format":"standard","meta":{"_jetpack_memberships_contains_paid_content":false,"footnotes":""},"categories":[2],"tags":[],"class_list":["post-52418","post","type-post","status-publish","format-standard","has-post-thumbnail","hentry","category-estado"],"jetpack_featured_media_url":"https:\/\/encuentroinformativo.com.mx\/wp-content\/uploads\/2024\/03\/IMG-20240325-WA0095.jpg","jetpack_sharing_enabled":true,"jetpack_likes_enabled":true,"amp_enabled":true,"_links":{"self":[{"href":"https:\/\/encuentroinformativo.com.mx\/index.php?rest_route=\/wp\/v2\/posts\/52418","targetHints":{"allow":["GET"]}}],"collection":[{"href":"https:\/\/encuentroinformativo.com.mx\/index.php?rest_route=\/wp\/v2\/posts"}],"about":[{"href":"https:\/\/encuentroinformativo.com.mx\/index.php?rest_route=\/wp\/v2\/types\/post"}],"author":[{"embeddable":true,"href":"https:\/\/encuentroinformativo.com.mx\/index.php?rest_route=\/wp\/v2\/users\/2476"}],"replies":[{"embeddable":true,"href":"https:\/\/encuentroinformativo.com.mx\/index.php?rest_route=%2Fwp%2Fv2%2Fcomments&post=52418"}],"version-history":[{"count":1,"href":"https:\/\/encuentroinformativo.com.mx\/index.php?rest_route=\/wp\/v2\/posts\/52418\/revisions"}],"predecessor-version":[{"id":52420,"href":"https:\/\/encuentroinformativo.com.mx\/index.php?rest_route=\/wp\/v2\/posts\/52418\/revisions\/52420"}],"wp:featuredmedia":[{"embeddable":true,"href":"https:\/\/encuentroinformativo.com.mx\/index.php?rest_route=\/wp\/v2\/media\/52419"}],"wp:attachment":[{"href":"https:\/\/encuentroinformativo.com.mx\/index.php?rest_route=%2Fwp%2Fv2%2Fmedia&parent=52418"}],"wp:term":[{"taxonomy":"category","embeddable":true,"href":"https:\/\/encuentroinformativo.com.mx\/index.php?rest_route=%2Fwp%2Fv2%2Fcategories&post=52418"},{"taxonomy":"post_tag","embeddable":true,"href":"https:\/\/encuentroinformativo.com.mx\/index.php?rest_route=%2Fwp%2Fv2%2Ftags&post=52418"}],"curies":[{"name":"wp","href":"https:\/\/api.w.org\/{rel}","templated":true}]}}