{"id":52438,"date":"2024-03-25T18:51:56","date_gmt":"2024-03-26T00:51:56","guid":{"rendered":"https:\/\/encuentroinformativo.com.mx\/?p=52438"},"modified":"2024-03-25T18:52:02","modified_gmt":"2024-03-26T00:52:02","slug":"boca-del-rio-tendra-por-primera-vez-viacrusis-viviente","status":"publish","type":"post","link":"https:\/\/encuentroinformativo.com.mx\/?p=52438","title":{"rendered":"Boca del R\u00edo tendr\u00e1 por primera vez Viacrusis viviente"},"content":{"rendered":"\n<p><strong>Alejandro \u00c1vila<\/strong><\/p>\n\n\n\n<p>Boca del R\u00edo, Ver.- La parroquia de Santa Ana, ubicada en la cabecera municipal de Boca del R\u00edo, realizar\u00e1 por primera vez en la historia de la ciudad un Viacrucis viviente.<\/p>\n\n\n\n<p>El evento se lleva a cabo el pr\u00f3ximo viernes 29 de marzo a partir de las 8 de la ma\u00f1ana, y la procesi\u00f3n que incluir\u00e1 a 100 personas que representen la pasi\u00f3n y muerte de Cristo, tendr\u00e1 una duraci\u00f3n aproximada de tres horas y media.<\/p>\n\n\n\n<p>\u201cLo vamos a llevarnos a cabo este 29 de marzo, va a ser viviente, participan 100 personas de todos los que representan a los ap\u00f3stoles, Jes\u00fas, Mar\u00eda, las mujeres piadosas, los nazerenos, soldados. Va ir adelante un barco de la evangelizaci\u00f3n donde van los 12 frailes con los nombres de los 12 frailes, representativo\u201d, inform\u00f3 el p\u00e1rroco, Guillermo Ram\u00edrez Mart\u00ednez.<\/p>\n\n\n\n<p>En dicho evento que iniciar\u00e1 en la Casa de Cultura del municipio de Boca del R\u00edo y terminar\u00e1 en la iglesia de Santa Ana, se incluir\u00e1n las 14 estaciones durante el recorrido del Viacrucis; adem\u00e1s, se inform\u00f3 que se contrat\u00f3 un guionista el cual realiz\u00f3 los di\u00e1logos que se ejecutar\u00e1n en la representaci\u00f3n de la pasi\u00f3n de Cristo.<\/p>\n\n\n\n<p>\u201cEn Boca del R\u00edo si es la primera vez, porque van todos los personajes, quiz\u00e1 no se va a crucificar porque no est\u00e1 permitido y no estamos en esa grado de hacerlo todav\u00eda, pero los di\u00e1logos, personajes van a ir\u201d.<\/p>\n\n\n\n<p>Tr\u00e1nsito Municipal resguardar\u00e1 el contingente e invitan a los cat\u00f3licos a que acudan a presenciar este viacrucis.<\/p>\n","protected":false},"excerpt":{"rendered":"<p>Alejandro \u00c1vila Boca del R\u00edo, Ver.- La parroquia de Santa Ana, ubicada en la cabecera municipal de Boca del R\u00edo, realizar\u00e1 por primera vez en la historia de la ciudad un Viacrucis viviente. El evento se lleva a cabo el pr\u00f3ximo viernes 29 de marzo a partir de las 8 de la ma\u00f1ana, y la [&hellip;]<\/p>\n","protected":false},"author":2476,"featured_media":52439,"comment_status":"open","ping_status":"open","sticky":false,"template":"","format":"standard","meta":{"_jetpack_memberships_contains_paid_content":false,"footnotes":""},"categories":[2],"tags":[],"class_list":["post-52438","post","type-post","status-publish","format-standard","has-post-thumbnail","hentry","category-estado"],"jetpack_featured_media_url":"https:\/\/encuentroinformativo.com.mx\/wp-content\/uploads\/2024\/03\/IMG-20240325-WA013112.jpg","jetpack_sharing_enabled":true,"jetpack_likes_enabled":true,"amp_enabled":true,"_links":{"self":[{"href":"https:\/\/encuentroinformativo.com.mx\/index.php?rest_route=\/wp\/v2\/posts\/52438","targetHints":{"allow":["GET"]}}],"collection":[{"href":"https:\/\/encuentroinformativo.com.mx\/index.php?rest_route=\/wp\/v2\/posts"}],"about":[{"href":"https:\/\/encuentroinformativo.com.mx\/index.php?rest_route=\/wp\/v2\/types\/post"}],"author":[{"embeddable":true,"href":"https:\/\/encuentroinformativo.com.mx\/index.php?rest_route=\/wp\/v2\/users\/2476"}],"replies":[{"embeddable":true,"href":"https:\/\/encuentroinformativo.com.mx\/index.php?rest_route=%2Fwp%2Fv2%2Fcomments&post=52438"}],"version-history":[{"count":1,"href":"https:\/\/encuentroinformativo.com.mx\/index.php?rest_route=\/wp\/v2\/posts\/52438\/revisions"}],"predecessor-version":[{"id":52440,"href":"https:\/\/encuentroinformativo.com.mx\/index.php?rest_route=\/wp\/v2\/posts\/52438\/revisions\/52440"}],"wp:featuredmedia":[{"embeddable":true,"href":"https:\/\/encuentroinformativo.com.mx\/index.php?rest_route=\/wp\/v2\/media\/52439"}],"wp:attachment":[{"href":"https:\/\/encuentroinformativo.com.mx\/index.php?rest_route=%2Fwp%2Fv2%2Fmedia&parent=52438"}],"wp:term":[{"taxonomy":"category","embeddable":true,"href":"https:\/\/encuentroinformativo.com.mx\/index.php?rest_route=%2Fwp%2Fv2%2Fcategories&post=52438"},{"taxonomy":"post_tag","embeddable":true,"href":"https:\/\/encuentroinformativo.com.mx\/index.php?rest_route=%2Fwp%2Fv2%2Ftags&post=52438"}],"curies":[{"name":"wp","href":"https:\/\/api.w.org\/{rel}","templated":true}]}}