{"id":5244,"date":"2020-08-26T14:30:46","date_gmt":"2020-08-26T19:30:46","guid":{"rendered":"https:\/\/encuentroinformativo.com\/?p=5244"},"modified":"2020-08-26T14:30:50","modified_gmt":"2020-08-26T19:30:50","slug":"detienen-a-presunto-jefe-de-plaza-en-catemaco","status":"publish","type":"post","link":"https:\/\/encuentroinformativo.com.mx\/?p=5244","title":{"rendered":"Detienen a presunto jefe de Plaza en Catemaco"},"content":{"rendered":"\n<p><strong>Juan Arcos <\/strong><\/p>\n\n\n\n<p>Xalapa, Ver.- Fuerzas de seguridad detuvieron en el municipio de Catemaco a Juan Pablo \u201cN\u201d, alias \u201cEl Cadena\u201d, jefe de plaza y lugarteniente de la c\u00e9lula delictiva &#8220;Los Pi\u00f1a&#8221;, perteneciente al C\u00e1rtel Jalisco Nueva Generaci\u00f3n (CJNG).<\/p>\n\n\n\n<p>De acuerdo con los primeros reportes, los hechos ocurrieron en una casa de seguridad sobre la calle 10 de Mayo, entre Mar\u00eda Boettiger y Narciso Mendoza, en la colonia Don Pedro.<\/p>\n\n\n\n<p>La madrugada de este mi\u00e9rcoles, elementos de la Fuerza Civil recibieron un reporte sobre personas armadas en dicho lugar y, cuando arribaron, fueron recibidos a balazos.<\/p>\n\n\n\n<p>En el enfrentamiento fue abatido un integrante del grupo delictivo mencionado, mismo que opera en los municipios de Lerdo de Tejada, Santiago Tuxtla, San Andr\u00e9s Tuxtla, Catemaco, Isla y Playa Vicente, en la zona sur de la entidad veracruzana.<\/p>\n\n\n\n<p>Los elementos de la Fuerza Civil, que dependen de la Secretar\u00eda de Seguridad P\u00fablica (SSP), as\u00ed como de la Guardia Nacional, arrestaron a \u201cEl Cadena\u201d y aseguraron armas de uso exclusivo del ej\u00e9rcito.<\/p>\n\n\n\n<p>Como parte del programa Unidos para la Construcci\u00f3n de la Paz, \u201cEl Cadena\u201d fue puesto a disposici\u00f3n de la autoridad correspondiente.<\/p>\n\n\n\n<p>Cabe recordar que, el 28 de julio pasado, fue detenido Ra\u00fal Gonzalo \u201cN\u201d en la zona de Los Tuxtlas, quien es se\u00f1alado como presunto operador y proveedor de armas de fuego para el grupo de \u201cLos Pi\u00f1a\u201d.<\/p>\n\n\n\n<p>Mediante los operativos que ha realizado la SSP en coordinaci\u00f3n con fuerzas federales, 21 d\u00edas despu\u00e9s, tambi\u00e9n fueron arrestados 13 integrantes del mismo c\u00e1rtel, entre ellos el director de la Polic\u00eda Municipal de Paso del Macho, Candelario \u201cN\u201d, alias el \u201ccomandante \u00e1guila, y dos de sus elementos.<\/p>\n\n\n\n<p>Adem\u00e1s, el pasado 20 de agosto, elementos de la Secretar\u00eda de Seguridad P\u00fablica aprehendieron en el municipio de Cosoleacaque a 11 integrantes de una banda dedicada al robo de transporte, tambi\u00e9n perteneciente al C\u00e1rtel Jalisco Nueva Generaci\u00f3n.<\/p>\n\n\n\n<p><\/p>\n","protected":false},"excerpt":{"rendered":"<p>Juan Arcos Xalapa, Ver.- Fuerzas de seguridad detuvieron en el municipio de Catemaco a Juan Pablo \u201cN\u201d, alias \u201cEl Cadena\u201d, jefe de plaza y lugarteniente de la c\u00e9lula delictiva &#8220;Los Pi\u00f1a&#8221;, perteneciente al C\u00e1rtel Jalisco Nueva Generaci\u00f3n (CJNG). De acuerdo con los primeros reportes, los hechos ocurrieron en una casa de seguridad sobre la calle [&hellip;]<\/p>\n","protected":false},"author":1,"featured_media":5033,"comment_status":"open","ping_status":"open","sticky":false,"template":"","format":"standard","meta":{"_jetpack_memberships_contains_paid_content":false,"footnotes":""},"categories":[14],"tags":[],"class_list":["post-5244","post","type-post","status-publish","format-standard","has-post-thumbnail","hentry","category-policiaca"],"jetpack_featured_media_url":"https:\/\/encuentroinformativo.com.mx\/wp-content\/uploads\/2020\/08\/AF4B6178-21EA-4CA3-85E4-82B3C8B59F76.jpeg","jetpack_sharing_enabled":true,"jetpack_likes_enabled":true,"amp_enabled":true,"_links":{"self":[{"href":"https:\/\/encuentroinformativo.com.mx\/index.php?rest_route=\/wp\/v2\/posts\/5244","targetHints":{"allow":["GET"]}}],"collection":[{"href":"https:\/\/encuentroinformativo.com.mx\/index.php?rest_route=\/wp\/v2\/posts"}],"about":[{"href":"https:\/\/encuentroinformativo.com.mx\/index.php?rest_route=\/wp\/v2\/types\/post"}],"author":[{"embeddable":true,"href":"https:\/\/encuentroinformativo.com.mx\/index.php?rest_route=\/wp\/v2\/users\/1"}],"replies":[{"embeddable":true,"href":"https:\/\/encuentroinformativo.com.mx\/index.php?rest_route=%2Fwp%2Fv2%2Fcomments&post=5244"}],"version-history":[{"count":1,"href":"https:\/\/encuentroinformativo.com.mx\/index.php?rest_route=\/wp\/v2\/posts\/5244\/revisions"}],"predecessor-version":[{"id":5245,"href":"https:\/\/encuentroinformativo.com.mx\/index.php?rest_route=\/wp\/v2\/posts\/5244\/revisions\/5245"}],"wp:featuredmedia":[{"embeddable":true,"href":"https:\/\/encuentroinformativo.com.mx\/index.php?rest_route=\/wp\/v2\/media\/5033"}],"wp:attachment":[{"href":"https:\/\/encuentroinformativo.com.mx\/index.php?rest_route=%2Fwp%2Fv2%2Fmedia&parent=5244"}],"wp:term":[{"taxonomy":"category","embeddable":true,"href":"https:\/\/encuentroinformativo.com.mx\/index.php?rest_route=%2Fwp%2Fv2%2Fcategories&post=5244"},{"taxonomy":"post_tag","embeddable":true,"href":"https:\/\/encuentroinformativo.com.mx\/index.php?rest_route=%2Fwp%2Fv2%2Ftags&post=5244"}],"curies":[{"name":"wp","href":"https:\/\/api.w.org\/{rel}","templated":true}]}}