{"id":52441,"date":"2024-03-25T20:19:21","date_gmt":"2024-03-26T02:19:21","guid":{"rendered":"https:\/\/encuentroinformativo.com.mx\/?p=52441"},"modified":"2024-03-25T20:19:30","modified_gmt":"2024-03-26T02:19:30","slug":"asume-americo-causas-de-las-mujeres","status":"publish","type":"post","link":"https:\/\/encuentroinformativo.com.mx\/?p=52441","title":{"rendered":"Asume Am\u00e9rico causas de las mujeres"},"content":{"rendered":"\n<p>Xalapa, Ver.- \u201cEsta campa\u00f1a debe ser de causas, la mujer es quien va a decidir la elecci\u00f3n del 2 de junio. M\u00e1s all\u00e1 de partidos o colores veamos propuestas para las mujeres&#8221;, expuso el candidato a la diputaci\u00f3n federal por Xalapa, Am\u00e9rico Z\u00fa\u00f1iga Mart\u00ednez.<\/p>\n\n\n\n<p>En el contexto del D\u00eda Naranja, por el D\u00eda Internacional para la Erradicaci\u00f3n de la Violencia contra las Mujeres, dijo que la causa que lo motiva es la protecci\u00f3n a las jefas de familia. &#8220;Las xalape\u00f1as valen mucho y se merecen mucho m\u00e1s. Vamos por dignificar la pol\u00edtica p\u00fablica para mujeres. Que no vivan con miedo&#8221;.<\/p>\n\n\n\n<p>Al respecto, fustig\u00f3 que el gobierno de Morena y los diputados han abandonado a las mujeres. &#8220;Sin guarder\u00edas, sin escuelas de tiempo completo y la violencia cada vez peor&#8221;.<\/p>\n\n\n\n<p>Am\u00e9rico Z\u00fa\u00f1iga se\u00f1al\u00f3 que no comparte la visi\u00f3n de que las xalape\u00f1as deben quedarse en casa y no salir por las noches. &#8220;Esa visi\u00f3n vulnera sus derechos humanos. Apuesto porque las mujeres vivan en libertad&#8221;.<\/p>\n\n\n\n<p>El abanderado de la coalici\u00f3n Fuerza y Coraz\u00f3n por M\u00e9xico expuso: &#8220;Morena dej\u00f3 solas a las mujeres. Recortaron el presupuesto para los refugios para mujeres violentadas&#8221;.<\/p>\n\n\n\n<p>Por ello, dijo que desde el Congreso apoyar\u00e1 para combatir la violencia feminicida. &#8220;Desafortunadamente en Xalapa se han registrado varios casos&#8221;, expuso.<\/p>\n\n\n\n<p>Am\u00e9rico Z\u00fa\u00f1iga Mart\u00ednez indic\u00f3 que el toque de queda debe ser para los criminales pero en la c\u00e1rcel, &#8220;las xalape\u00f1as deben vivir seguras y caminar libremente por las calles&#8221;.<\/p>\n\n\n\n<p>En ese sentido, subray\u00f3 que desde el Congreso hay que apoyar a estados y municipios para combatir la violencia feminicida. Adem\u00e1s de que se debe fortalecer la red de refugios.<\/p>\n\n\n\n<p>&#8220;Se debe tambi\u00e9n capacitar a polic\u00edas para atender casos de violencia dom\u00e9stica&#8221;, acot\u00f3 el abanderado.<\/p>\n","protected":false},"excerpt":{"rendered":"<p>Xalapa, Ver.- \u201cEsta campa\u00f1a debe ser de causas, la mujer es quien va a decidir la elecci\u00f3n del 2 de junio. M\u00e1s all\u00e1 de partidos o colores veamos propuestas para las mujeres&#8221;, expuso el candidato a la diputaci\u00f3n federal por Xalapa, Am\u00e9rico Z\u00fa\u00f1iga Mart\u00ednez. En el contexto del D\u00eda Naranja, por el D\u00eda Internacional para [&hellip;]<\/p>\n","protected":false},"author":2476,"featured_media":52442,"comment_status":"open","ping_status":"open","sticky":false,"template":"","format":"standard","meta":{"_jetpack_memberships_contains_paid_content":false,"footnotes":""},"categories":[3],"tags":[],"class_list":["post-52441","post","type-post","status-publish","format-standard","has-post-thumbnail","hentry","category-xalapa"],"jetpack_featured_media_url":"https:\/\/encuentroinformativo.com.mx\/wp-content\/uploads\/2024\/03\/IMG-20240318-WA00442-scaled.jpg","jetpack_sharing_enabled":true,"jetpack_likes_enabled":true,"amp_enabled":true,"_links":{"self":[{"href":"https:\/\/encuentroinformativo.com.mx\/index.php?rest_route=\/wp\/v2\/posts\/52441","targetHints":{"allow":["GET"]}}],"collection":[{"href":"https:\/\/encuentroinformativo.com.mx\/index.php?rest_route=\/wp\/v2\/posts"}],"about":[{"href":"https:\/\/encuentroinformativo.com.mx\/index.php?rest_route=\/wp\/v2\/types\/post"}],"author":[{"embeddable":true,"href":"https:\/\/encuentroinformativo.com.mx\/index.php?rest_route=\/wp\/v2\/users\/2476"}],"replies":[{"embeddable":true,"href":"https:\/\/encuentroinformativo.com.mx\/index.php?rest_route=%2Fwp%2Fv2%2Fcomments&post=52441"}],"version-history":[{"count":1,"href":"https:\/\/encuentroinformativo.com.mx\/index.php?rest_route=\/wp\/v2\/posts\/52441\/revisions"}],"predecessor-version":[{"id":52443,"href":"https:\/\/encuentroinformativo.com.mx\/index.php?rest_route=\/wp\/v2\/posts\/52441\/revisions\/52443"}],"wp:featuredmedia":[{"embeddable":true,"href":"https:\/\/encuentroinformativo.com.mx\/index.php?rest_route=\/wp\/v2\/media\/52442"}],"wp:attachment":[{"href":"https:\/\/encuentroinformativo.com.mx\/index.php?rest_route=%2Fwp%2Fv2%2Fmedia&parent=52441"}],"wp:term":[{"taxonomy":"category","embeddable":true,"href":"https:\/\/encuentroinformativo.com.mx\/index.php?rest_route=%2Fwp%2Fv2%2Fcategories&post=52441"},{"taxonomy":"post_tag","embeddable":true,"href":"https:\/\/encuentroinformativo.com.mx\/index.php?rest_route=%2Fwp%2Fv2%2Ftags&post=52441"}],"curies":[{"name":"wp","href":"https:\/\/api.w.org\/{rel}","templated":true}]}}