{"id":52448,"date":"2024-03-26T12:01:53","date_gmt":"2024-03-26T18:01:53","guid":{"rendered":"https:\/\/encuentroinformativo.com.mx\/?p=52448"},"modified":"2024-03-26T12:02:03","modified_gmt":"2024-03-26T18:02:03","slug":"evacuan-a-familias-de-localidades-de-las-altas-montanas","status":"publish","type":"post","link":"https:\/\/encuentroinformativo.com.mx\/?p=52448","title":{"rendered":"Evacuan a familias de localidades de las Altas Monta\u00f1as"},"content":{"rendered":"\n<p><strong>Juan Arcos <\/strong><\/p>\n\n\n\n<p>Xalapa, Ver.- Los incendios forestales alcanzaron varias localidades de la regi\u00f3n de las Altas Monta\u00f1as en la zona centro del estado de Veracruz, donde cientos de familias fueron evacuadas, como una medida preventiva por parte de las autoridades.<\/p>\n\n\n\n<p>De acuerdo con pobladores de la zona afectada, tan solo en la localidad Chicahuaxtla, municipio de Nogales, fueron desalojadas m\u00e1s de 200 familias durante el lunes 25 de marzo, debido a que el fuego representaba una amenaza.<\/p>\n\n\n\n<p>Los incendios tambi\u00e9n devastaron a las comunidades Palo Verde y Balastrera, del mismo municipio. En la segunda localidad mencionada ha habido incidentes por el paso de ductos de Petr\u00f3leos Mexicanos (Pemex).<\/p>\n\n\n\n<p>\u201cLas comunidades y congregaciones afectadas son muchas, pero la que est\u00e1 devastada se llama Chicahuaxtla. De ah\u00ed sacaron a toda la gente. Ellos son de Nogales. Anoche estuvieron pidiendo a trav\u00e9s de redes sociales que les regalaran cubetas para poder, con agua, intentar sofocar el fuego. Y ya les fue imposible\u201d, comentaron.<\/p>\n\n\n\n<p>La localidad Palo Verde tambi\u00e9n es una de las m\u00e1s afectadas, pero el fuego se ha extendido en varios municipios de la zona, como Maltrata, Huiloapan de Cuauht\u00e9moc, Techuac\u00e1n, Soledad Atzompa y Ciudad Mendoza.<\/p>\n\n\n\n<p>\u201cEn Nogales, por lo menos fueron 200 familias las que ayer ya estaban evacuadas, pero se hablaba de que al menos otras 500 estaban por ser evacuadas y no quer\u00edan. Incluso ellos de antier para ayer pasaron la noche a cielo abierto. Ya no s\u00e9 si ahorita lograron llev\u00e1rselos a los albergues y refugios, pero s\u00ed eran muchos, muchos, muchos. Y esos son los que medio pudieron contar. Lo que pasa es que Nogales es un municipio territorialmente grande\u201d.<\/p>\n\n\n\n<p><strong>ANIMALES MUERTOS<\/strong><\/p>\n\n\n\n<p>La situaci\u00f3n de los incendios en el Valle de Orizaba est\u00e1 afectando a toda la poblaci\u00f3n, causando fuertes olores a quemado y obligando a la gente a usar cubrebocas y mantenerse hidratada.<\/p>\n\n\n\n<p>Los voluntarios y equipos de emergencia est\u00e1n trabajando arduamente, pero muchas personas y animales han resultado intoxicados o heridos. Incluso, en redes sociales han circulado fotograf\u00edas de animales muertos a causa de los incendios.<\/p>\n\n\n\n<p>La poblaci\u00f3n se encuentra angustiada y preocupada por la situaci\u00f3n. De acuerdo con los \u00faltimos reportes oficiales, hay siete incendios forestales activos en la entidad veracruzana, sobre todo en la zona de las Altas Monta\u00f1as.<\/p>\n\n\n\n<p><strong>CENTROS DE ACOPIO<\/strong><\/p>\n\n\n\n<p>La Universidad Veracruzana en la regi\u00f3n Orizaba-C\u00f3rdoba abri\u00f3 a partir de este martes 26 de marzo el centro de acopio en apoyo a las personas afectadas por los incendios ocurridos en la regi\u00f3n de Las Monta\u00f1as del estado de Veracruz y a quienes ayudan a mitigar el fuego.<\/p>\n\n\n\n<p>Fue instalado en las instalaciones de la Vicerrector\u00edas, a un costado de los arcos que dividen los municipios de Orizaba y R\u00edo Blanco, en un horario de nueve de la ma\u00f1ana a siete de la noche.<\/p>\n\n\n\n<p>La Secretar\u00eda de Protecci\u00f3n Civil de Veracruz revel\u00f3 que el Equipo de Manejo de Incidentes (EMI), que encabeza las acciones de combate al complejo de incendios en las Altas Monta\u00f1as reinici\u00f3 actividades a las seis de la ma\u00f1ana de este martes con el despliegue de las divisiones Alfa, Bravo y Charlie, que atender\u00e1n los tres pol\u00edgonos designados en la regi\u00f3n.<\/p>\n\n\n\n<p>Las divisiones iniciaron actividades con 185 elementos, a los que se unir\u00e1 personal adicional y brigadas voluntarias de combate forestal que se encuentran coordinadas con el puesto de comando.<\/p>\n\n\n\n<p>\u201cAsimismo, a las 7:45 horas se realiz\u00f3 un sobrevuelo de reconocimiento, que adem\u00e1s analiza las condiciones meteorol\u00f3gicas para determinar la procedencia de reactivar las operaciones a\u00e9reas el d\u00eda de hoy\u201d, se lee en un comunicado.<\/p>\n\n\n\n<p>A trav\u00e9s de actividades log\u00edsticas, como distribuci\u00f3n de insumos, herramientas y traslado, as\u00ed como la preparaci\u00f3n de refugios temporales preventivos para quienes as\u00ed lo requieran, las fuerzas de tarea de los tres niveles de gobierno dan continuidad a la estrategia de atenci\u00f3n y combate a los incendios forestales en la zona.<\/p>\n","protected":false},"excerpt":{"rendered":"<p>Juan Arcos Xalapa, Ver.- Los incendios forestales alcanzaron varias localidades de la regi\u00f3n de las Altas Monta\u00f1as en la zona centro del estado de Veracruz, donde cientos de familias fueron evacuadas, como una medida preventiva por parte de las autoridades. De acuerdo con pobladores de la zona afectada, tan solo en la localidad Chicahuaxtla, municipio [&hellip;]<\/p>\n","protected":false},"author":2476,"featured_media":52449,"comment_status":"open","ping_status":"open","sticky":false,"template":"","format":"standard","meta":{"_jetpack_memberships_contains_paid_content":false,"footnotes":""},"categories":[2],"tags":[],"class_list":["post-52448","post","type-post","status-publish","format-standard","has-post-thumbnail","hentry","category-estado"],"jetpack_featured_media_url":"https:\/\/encuentroinformativo.com.mx\/wp-content\/uploads\/2024\/03\/IMG_2034.jpg","jetpack_sharing_enabled":true,"jetpack_likes_enabled":true,"amp_enabled":true,"_links":{"self":[{"href":"https:\/\/encuentroinformativo.com.mx\/index.php?rest_route=\/wp\/v2\/posts\/52448","targetHints":{"allow":["GET"]}}],"collection":[{"href":"https:\/\/encuentroinformativo.com.mx\/index.php?rest_route=\/wp\/v2\/posts"}],"about":[{"href":"https:\/\/encuentroinformativo.com.mx\/index.php?rest_route=\/wp\/v2\/types\/post"}],"author":[{"embeddable":true,"href":"https:\/\/encuentroinformativo.com.mx\/index.php?rest_route=\/wp\/v2\/users\/2476"}],"replies":[{"embeddable":true,"href":"https:\/\/encuentroinformativo.com.mx\/index.php?rest_route=%2Fwp%2Fv2%2Fcomments&post=52448"}],"version-history":[{"count":1,"href":"https:\/\/encuentroinformativo.com.mx\/index.php?rest_route=\/wp\/v2\/posts\/52448\/revisions"}],"predecessor-version":[{"id":52450,"href":"https:\/\/encuentroinformativo.com.mx\/index.php?rest_route=\/wp\/v2\/posts\/52448\/revisions\/52450"}],"wp:featuredmedia":[{"embeddable":true,"href":"https:\/\/encuentroinformativo.com.mx\/index.php?rest_route=\/wp\/v2\/media\/52449"}],"wp:attachment":[{"href":"https:\/\/encuentroinformativo.com.mx\/index.php?rest_route=%2Fwp%2Fv2%2Fmedia&parent=52448"}],"wp:term":[{"taxonomy":"category","embeddable":true,"href":"https:\/\/encuentroinformativo.com.mx\/index.php?rest_route=%2Fwp%2Fv2%2Fcategories&post=52448"},{"taxonomy":"post_tag","embeddable":true,"href":"https:\/\/encuentroinformativo.com.mx\/index.php?rest_route=%2Fwp%2Fv2%2Ftags&post=52448"}],"curies":[{"name":"wp","href":"https:\/\/api.w.org\/{rel}","templated":true}]}}