{"id":52454,"date":"2024-03-26T13:53:49","date_gmt":"2024-03-26T19:53:49","guid":{"rendered":"https:\/\/encuentroinformativo.com.mx\/?p=52454"},"modified":"2024-03-26T13:54:00","modified_gmt":"2024-03-26T19:54:00","slug":"proceso-electoral-no-afecto-promocion-turistica-de-veracruz","status":"publish","type":"post","link":"https:\/\/encuentroinformativo.com.mx\/?p=52454","title":{"rendered":"Proceso electoral no afect\u00f3 promoci\u00f3n tur\u00edstica de Veracruz"},"content":{"rendered":"\n<p><strong>Alejandro \u00c1vila<\/strong><\/p>\n\n\n\n<p>Veracruz, Ver.- El presidente de la Asociaci\u00f3n de Hoteles y Moteles de Veracruz, C\u00e9sar Alfonso Mu\u00f1iz Cuervo, asegur\u00f3 que las campa\u00f1as pol\u00edticas para el pr\u00f3ximo proceso electoral no afectaron la promoci\u00f3n tur\u00edstica de Veracruz, ya que hasta el momento se han registrado buenos n\u00fameros en ocupaci\u00f3n de habitaciones.<\/p>\n\n\n\n<p>&#8220;Sabemos que en los a\u00f1os electorales la publicidad toma fuerza en el tema electoral, pero nosotros seguimos haciendo los trabajos, todos seguimos haciendo los trabajos de promoci\u00f3n en publicidad para que los turistas vengan, y la verdad es que no afecta como tal, los turistas reciben la promoci\u00f3n y la publicidad que se hace no solo de parte de nosotros, sino de parte de todos en la zona conurbada, y se est\u00e1 viendo reflejado que la gente est\u00e1 viniendo y esperamos que siga viniendo&#8221;, destac\u00f3.<\/p>\n\n\n\n<p>Mencion\u00f3 que en el &#8220;puente&#8221; por el natalicio de Benito Ju\u00e1rez, y durante el primer fin de semana que corresponde a la \u00e9poca vacacional de Semana Santa, se registr\u00f3 una ocupaci\u00f3n hotelera superior al 60 por ciento.<\/p>\n\n\n\n<p>Para los dos fines de semana restantes de la presente temporada vacacional se espera una ocupaci\u00f3n superior al 75 por ciento.<\/p>\n\n\n\n<p>Finalmente, dijo que en coordinaci\u00f3n con la Secretar\u00eda de Turismo se realizar\u00e1n tres Caravanas Tur\u00edsticas en M\u00e9xico para promocionar Veracruz, una de ellas ya se realiz\u00f3 en el estado de Nuevo Le\u00f3n, se llevar\u00e1 a cabo otra en la Ciudad de M\u00e9xico, y una \u00faltima en un estado a\u00fan por definir.<\/p>\n","protected":false},"excerpt":{"rendered":"<p>Alejandro \u00c1vila Veracruz, Ver.- El presidente de la Asociaci\u00f3n de Hoteles y Moteles de Veracruz, C\u00e9sar Alfonso Mu\u00f1iz Cuervo, asegur\u00f3 que las campa\u00f1as pol\u00edticas para el pr\u00f3ximo proceso electoral no afectaron la promoci\u00f3n tur\u00edstica de Veracruz, ya que hasta el momento se han registrado buenos n\u00fameros en ocupaci\u00f3n de habitaciones. &#8220;Sabemos que en los a\u00f1os [&hellip;]<\/p>\n","protected":false},"author":2476,"featured_media":52455,"comment_status":"open","ping_status":"open","sticky":false,"template":"","format":"standard","meta":{"_jetpack_memberships_contains_paid_content":false,"footnotes":""},"categories":[2],"tags":[],"class_list":["post-52454","post","type-post","status-publish","format-standard","has-post-thumbnail","hentry","category-estado"],"jetpack_featured_media_url":"https:\/\/encuentroinformativo.com.mx\/wp-content\/uploads\/2024\/03\/IMG-20240326-WA0083.jpg","jetpack_sharing_enabled":true,"jetpack_likes_enabled":true,"amp_enabled":true,"_links":{"self":[{"href":"https:\/\/encuentroinformativo.com.mx\/index.php?rest_route=\/wp\/v2\/posts\/52454","targetHints":{"allow":["GET"]}}],"collection":[{"href":"https:\/\/encuentroinformativo.com.mx\/index.php?rest_route=\/wp\/v2\/posts"}],"about":[{"href":"https:\/\/encuentroinformativo.com.mx\/index.php?rest_route=\/wp\/v2\/types\/post"}],"author":[{"embeddable":true,"href":"https:\/\/encuentroinformativo.com.mx\/index.php?rest_route=\/wp\/v2\/users\/2476"}],"replies":[{"embeddable":true,"href":"https:\/\/encuentroinformativo.com.mx\/index.php?rest_route=%2Fwp%2Fv2%2Fcomments&post=52454"}],"version-history":[{"count":1,"href":"https:\/\/encuentroinformativo.com.mx\/index.php?rest_route=\/wp\/v2\/posts\/52454\/revisions"}],"predecessor-version":[{"id":52456,"href":"https:\/\/encuentroinformativo.com.mx\/index.php?rest_route=\/wp\/v2\/posts\/52454\/revisions\/52456"}],"wp:featuredmedia":[{"embeddable":true,"href":"https:\/\/encuentroinformativo.com.mx\/index.php?rest_route=\/wp\/v2\/media\/52455"}],"wp:attachment":[{"href":"https:\/\/encuentroinformativo.com.mx\/index.php?rest_route=%2Fwp%2Fv2%2Fmedia&parent=52454"}],"wp:term":[{"taxonomy":"category","embeddable":true,"href":"https:\/\/encuentroinformativo.com.mx\/index.php?rest_route=%2Fwp%2Fv2%2Fcategories&post=52454"},{"taxonomy":"post_tag","embeddable":true,"href":"https:\/\/encuentroinformativo.com.mx\/index.php?rest_route=%2Fwp%2Fv2%2Ftags&post=52454"}],"curies":[{"name":"wp","href":"https:\/\/api.w.org\/{rel}","templated":true}]}}