{"id":5246,"date":"2020-08-26T15:31:31","date_gmt":"2020-08-26T20:31:31","guid":{"rendered":"https:\/\/encuentroinformativo.com\/?p=5246"},"modified":"2020-08-26T15:31:33","modified_gmt":"2020-08-26T20:31:33","slug":"advierte-ayuntamiento-no-habra-permisos-para-comerciantes-por-mes-patrio","status":"publish","type":"post","link":"https:\/\/encuentroinformativo.com.mx\/?p=5246","title":{"rendered":"Advierte Ayuntamiento, no habr\u00e1 permisos para comerciantes por mes patrio"},"content":{"rendered":"\n<p><strong>Dar\u00edo Pale <\/strong><\/p>\n\n\n\n<p>Xalapa, Ver.- El ayuntamiento de Xalapa no otorgar\u00e1 permisos especiales para los vendedores ambulantes que se colocan en el mes patrio en las diferentes calles para ofertar los productos t\u00edpicos de esta temporada, as\u00ed lo se\u00f1al\u00f3 el director de Gobernaci\u00f3n, Juan Vergel Pacheco.<\/p>\n\n\n\n<p>Entrevistado en sus oficinas dio a conocer que, &#8220;a\u00f1o con a\u00f1o las agrupaciones de comerciantes solicitan, de acuerdo a la temporada del a\u00f1o: temporada de muertos, temporada de 10 de mayo, 14 de febrero, y se vuelve el centro de la ciudad un enorme tianguis. En el mes de septiembre, que es mes patrio, tambi\u00e9n solicitan sus permisos, sin embargo no se cuenta con esas autorizaciones&#8221;.<\/p>\n\n\n\n<p>Se\u00f1al\u00f3 que ahora que se acerca el mes patrio es cuando m\u00e1s vendedores salen a ofertar los art\u00edculos propios del festejo como son banderas, cornetas, entre otros productos, por lo que es importante que la ciudadan\u00eda sea consciente que a\u00fan la capital se encuentra en sem\u00e1foro rojo, sobre la contingencia sanitaria por Coronavirus.<\/p>\n\n\n\n<p>\u201cLa circunstancia que vive el municipio de Xalapa todav\u00eda es en extremo delicada, todav\u00eda nos encontramos en sem\u00e1foro rojo, lo cual nos obliga a seguir ciertas recomendaciones para evitar que se mantenga esta etapa de contagio&#8221;, se\u00f1al\u00f3.<\/p>\n\n\n\n<p>Finalmente Vergel Pacheco no descart\u00f3 que existan agrupaciones que se acerquen a la autoridad municipal para solicitar un espacio, como en a\u00f1os anteriores, para colocar su venta, sin embargo se\u00f1al\u00f3 que es la subdirecci\u00f3n de Comercio quien decidir\u00e1.<\/p>\n\n\n\n<p><\/p>\n","protected":false},"excerpt":{"rendered":"<p>Dar\u00edo Pale Xalapa, Ver.- El ayuntamiento de Xalapa no otorgar\u00e1 permisos especiales para los vendedores ambulantes que se colocan en el mes patrio en las diferentes calles para ofertar los productos t\u00edpicos de esta temporada, as\u00ed lo se\u00f1al\u00f3 el director de Gobernaci\u00f3n, Juan Vergel Pacheco. Entrevistado en sus oficinas dio a conocer que, &#8220;a\u00f1o con [&hellip;]<\/p>\n","protected":false},"author":1,"featured_media":2424,"comment_status":"open","ping_status":"open","sticky":false,"template":"","format":"standard","meta":{"_jetpack_memberships_contains_paid_content":false,"footnotes":""},"categories":[3],"tags":[],"class_list":["post-5246","post","type-post","status-publish","format-standard","has-post-thumbnail","hentry","category-xalapa"],"jetpack_featured_media_url":"https:\/\/encuentroinformativo.com.mx\/wp-content\/uploads\/2020\/05\/87382E74-4C94-45C1-82ED-238B3C6B2118.jpeg","jetpack_sharing_enabled":true,"jetpack_likes_enabled":true,"amp_enabled":true,"_links":{"self":[{"href":"https:\/\/encuentroinformativo.com.mx\/index.php?rest_route=\/wp\/v2\/posts\/5246","targetHints":{"allow":["GET"]}}],"collection":[{"href":"https:\/\/encuentroinformativo.com.mx\/index.php?rest_route=\/wp\/v2\/posts"}],"about":[{"href":"https:\/\/encuentroinformativo.com.mx\/index.php?rest_route=\/wp\/v2\/types\/post"}],"author":[{"embeddable":true,"href":"https:\/\/encuentroinformativo.com.mx\/index.php?rest_route=\/wp\/v2\/users\/1"}],"replies":[{"embeddable":true,"href":"https:\/\/encuentroinformativo.com.mx\/index.php?rest_route=%2Fwp%2Fv2%2Fcomments&post=5246"}],"version-history":[{"count":1,"href":"https:\/\/encuentroinformativo.com.mx\/index.php?rest_route=\/wp\/v2\/posts\/5246\/revisions"}],"predecessor-version":[{"id":5247,"href":"https:\/\/encuentroinformativo.com.mx\/index.php?rest_route=\/wp\/v2\/posts\/5246\/revisions\/5247"}],"wp:featuredmedia":[{"embeddable":true,"href":"https:\/\/encuentroinformativo.com.mx\/index.php?rest_route=\/wp\/v2\/media\/2424"}],"wp:attachment":[{"href":"https:\/\/encuentroinformativo.com.mx\/index.php?rest_route=%2Fwp%2Fv2%2Fmedia&parent=5246"}],"wp:term":[{"taxonomy":"category","embeddable":true,"href":"https:\/\/encuentroinformativo.com.mx\/index.php?rest_route=%2Fwp%2Fv2%2Fcategories&post=5246"},{"taxonomy":"post_tag","embeddable":true,"href":"https:\/\/encuentroinformativo.com.mx\/index.php?rest_route=%2Fwp%2Fv2%2Ftags&post=5246"}],"curies":[{"name":"wp","href":"https:\/\/api.w.org\/{rel}","templated":true}]}}