{"id":52460,"date":"2024-03-26T14:09:03","date_gmt":"2024-03-26T20:09:03","guid":{"rendered":"https:\/\/encuentroinformativo.com.mx\/?p=52460"},"modified":"2024-03-26T14:09:13","modified_gmt":"2024-03-26T20:09:13","slug":"exhibiran-autos-clasicos-en-xico","status":"publish","type":"post","link":"https:\/\/encuentroinformativo.com.mx\/?p=52460","title":{"rendered":"Exhibir\u00e1n autos cl\u00e1sicos en Xico"},"content":{"rendered":"\n<p><strong>Dar\u00edo Pale <\/strong><\/p>\n\n\n\n<p>Xalapa, Ver.- El pr\u00f3ximo 6 de abril se realizar\u00e1 la segunda Edici\u00f3n de la Exhibici\u00f3n de autos cl\u00e1sicos en este pueblo m\u00e1gico, as\u00ed lo inform\u00f3 el director de Desarrollo Econ\u00f3mico y Turismo de Xico, Javier Izaguirre Mart\u00ednez.<\/p>\n\n\n\n<p>En conferencia de prensa se\u00f1al\u00f3 que se trata de la segunda edici\u00f3n y agreg\u00f3 que adem\u00e1s de la exhibici\u00f3n que se har\u00e1 sobre la Avenida Miguel Hidalgo, tambi\u00e9n habr\u00e1 un desfile de estos autos cl\u00e1sicos en las principales calles de Xico.\u00a0<\/p>\n\n\n\n<p>Indic\u00f3 que con este tipo de actividades se promueve el municipio y representa una oportunidad para que las familias conozcan estos veh\u00edculos de m\u00e1s de 35 a\u00f1os de antig\u00fcedad.\u00a0<\/p>\n\n\n\n<p>Gabriel Acosta del club del Autom\u00f3vil Antiguo de Xalapa invit\u00f3 a quienes tengan un auto con m\u00e1s de 35 a\u00f1os, es decir, de los 80s hacia atr\u00e1s, a que participen en este evento. Hasta ahora de estima que salgan m\u00e1s de 50 autom\u00f3viles.\u00a0<\/p>\n\n\n\n<p>Por \u00faltimo coment\u00f3 que, se sigue convocando a la ciudadan\u00eda para que se sumen al evento si cuentan con una unidad antigua, adem\u00e1s de que este tipo de evento promueve la gastronom\u00eda y los atractivos de Xico.<\/p>\n","protected":false},"excerpt":{"rendered":"<p>Dar\u00edo Pale Xalapa, Ver.- El pr\u00f3ximo 6 de abril se realizar\u00e1 la segunda Edici\u00f3n de la Exhibici\u00f3n de autos cl\u00e1sicos en este pueblo m\u00e1gico, as\u00ed lo inform\u00f3 el director de Desarrollo Econ\u00f3mico y Turismo de Xico, Javier Izaguirre Mart\u00ednez. En conferencia de prensa se\u00f1al\u00f3 que se trata de la segunda edici\u00f3n y agreg\u00f3 que adem\u00e1s [&hellip;]<\/p>\n","protected":false},"author":2476,"featured_media":52461,"comment_status":"open","ping_status":"open","sticky":false,"template":"","format":"standard","meta":{"_jetpack_memberships_contains_paid_content":false,"footnotes":""},"categories":[8],"tags":[],"class_list":["post-52460","post","type-post","status-publish","format-standard","has-post-thumbnail","hentry","category-region"],"jetpack_featured_media_url":"https:\/\/encuentroinformativo.com.mx\/wp-content\/uploads\/2024\/03\/IMG-20240326-WA0092.jpg","jetpack_sharing_enabled":true,"jetpack_likes_enabled":true,"amp_enabled":true,"_links":{"self":[{"href":"https:\/\/encuentroinformativo.com.mx\/index.php?rest_route=\/wp\/v2\/posts\/52460","targetHints":{"allow":["GET"]}}],"collection":[{"href":"https:\/\/encuentroinformativo.com.mx\/index.php?rest_route=\/wp\/v2\/posts"}],"about":[{"href":"https:\/\/encuentroinformativo.com.mx\/index.php?rest_route=\/wp\/v2\/types\/post"}],"author":[{"embeddable":true,"href":"https:\/\/encuentroinformativo.com.mx\/index.php?rest_route=\/wp\/v2\/users\/2476"}],"replies":[{"embeddable":true,"href":"https:\/\/encuentroinformativo.com.mx\/index.php?rest_route=%2Fwp%2Fv2%2Fcomments&post=52460"}],"version-history":[{"count":1,"href":"https:\/\/encuentroinformativo.com.mx\/index.php?rest_route=\/wp\/v2\/posts\/52460\/revisions"}],"predecessor-version":[{"id":52462,"href":"https:\/\/encuentroinformativo.com.mx\/index.php?rest_route=\/wp\/v2\/posts\/52460\/revisions\/52462"}],"wp:featuredmedia":[{"embeddable":true,"href":"https:\/\/encuentroinformativo.com.mx\/index.php?rest_route=\/wp\/v2\/media\/52461"}],"wp:attachment":[{"href":"https:\/\/encuentroinformativo.com.mx\/index.php?rest_route=%2Fwp%2Fv2%2Fmedia&parent=52460"}],"wp:term":[{"taxonomy":"category","embeddable":true,"href":"https:\/\/encuentroinformativo.com.mx\/index.php?rest_route=%2Fwp%2Fv2%2Fcategories&post=52460"},{"taxonomy":"post_tag","embeddable":true,"href":"https:\/\/encuentroinformativo.com.mx\/index.php?rest_route=%2Fwp%2Fv2%2Ftags&post=52460"}],"curies":[{"name":"wp","href":"https:\/\/api.w.org\/{rel}","templated":true}]}}