{"id":5248,"date":"2020-08-26T15:35:54","date_gmt":"2020-08-26T20:35:54","guid":{"rendered":"https:\/\/encuentroinformativo.com\/?p=5248"},"modified":"2020-08-26T15:35:56","modified_gmt":"2020-08-26T20:35:56","slug":"esteban-ramirez-busca-unidad-en-morena","status":"publish","type":"post","link":"https:\/\/encuentroinformativo.com.mx\/?p=5248","title":{"rendered":"Esteban Ram\u00edrez busca unidad en Morena"},"content":{"rendered":"\n<p>Xalapa, Ver. &#8211;  El aspirante a candidato para la dirigencia estatal de Morena, Esteban Ram\u00edrez dio a conocer que  se reuni\u00f3 con integrantes del Comit\u00e9 Ejecutivo Estatal dispuesto a trabajar en torno a la unidad de su partido.<\/p>\n\n\n\n<p>En entrevista Ram\u00edrez Zepeta se\u00f1al\u00f3 que &#8220;es importante recordar a todas y todos los militantes de Morena que la defensa del cambio verdadero, de la 4T, debe ser nuestra principal tarea para no dejar espacio a la oposici\u00f3n conservadora y corrupta&#8221;.<\/p>\n\n\n\n<p>Destac\u00f3 que en estas reuniones tambi\u00e9n se abund\u00f3 sobre el papel fundamental de la unidad del partido de cara a los retos en los procesos internos y externos que est\u00e1n por venir, a trav\u00e9s&#8221; del di\u00e1logo y el entendimiento para la construcci\u00f3n de acuerdos que permitan impulsar el desarrollo y crecimiento de la sociedad&#8221;.<\/p>\n\n\n\n<p>Agradeci\u00f3 a todos sus compa\u00f1eros de partido a Carol Esbeidy Cond\u00e9 Mart\u00ednez, secretaria de arte y cultura; Yair Ademar Dom\u00ednguez V\u00e1zquez, secretario de organizaci\u00f3n y Jos\u00e9 \u00c1ngel Echeverr\u00eda Escamilla, secretario de j\u00f3venes, por siempre estar abiertos al di\u00e1logo y apostar por lo mejor para todos los simpatizantes de Morena.<\/p>\n","protected":false},"excerpt":{"rendered":"<p>Xalapa, Ver. &#8211; El aspirante a candidato para la dirigencia estatal de Morena, Esteban Ram\u00edrez dio a conocer que se reuni\u00f3 con integrantes del Comit\u00e9 Ejecutivo Estatal dispuesto a trabajar en torno a la unidad de su partido. En entrevista Ram\u00edrez Zepeta se\u00f1al\u00f3 que &#8220;es importante recordar a todas y todos los militantes de Morena [&hellip;]<\/p>\n","protected":false},"author":1,"featured_media":5249,"comment_status":"open","ping_status":"open","sticky":false,"template":"","format":"standard","meta":{"_jetpack_memberships_contains_paid_content":false,"footnotes":""},"categories":[2],"tags":[],"class_list":["post-5248","post","type-post","status-publish","format-standard","has-post-thumbnail","hentry","category-estado"],"jetpack_featured_media_url":"https:\/\/encuentroinformativo.com.mx\/wp-content\/uploads\/2020\/08\/6530F69A-E5AF-4525-8641-8B4B606832EB.jpeg","jetpack_sharing_enabled":true,"jetpack_likes_enabled":true,"amp_enabled":true,"_links":{"self":[{"href":"https:\/\/encuentroinformativo.com.mx\/index.php?rest_route=\/wp\/v2\/posts\/5248","targetHints":{"allow":["GET"]}}],"collection":[{"href":"https:\/\/encuentroinformativo.com.mx\/index.php?rest_route=\/wp\/v2\/posts"}],"about":[{"href":"https:\/\/encuentroinformativo.com.mx\/index.php?rest_route=\/wp\/v2\/types\/post"}],"author":[{"embeddable":true,"href":"https:\/\/encuentroinformativo.com.mx\/index.php?rest_route=\/wp\/v2\/users\/1"}],"replies":[{"embeddable":true,"href":"https:\/\/encuentroinformativo.com.mx\/index.php?rest_route=%2Fwp%2Fv2%2Fcomments&post=5248"}],"version-history":[{"count":1,"href":"https:\/\/encuentroinformativo.com.mx\/index.php?rest_route=\/wp\/v2\/posts\/5248\/revisions"}],"predecessor-version":[{"id":5250,"href":"https:\/\/encuentroinformativo.com.mx\/index.php?rest_route=\/wp\/v2\/posts\/5248\/revisions\/5250"}],"wp:featuredmedia":[{"embeddable":true,"href":"https:\/\/encuentroinformativo.com.mx\/index.php?rest_route=\/wp\/v2\/media\/5249"}],"wp:attachment":[{"href":"https:\/\/encuentroinformativo.com.mx\/index.php?rest_route=%2Fwp%2Fv2%2Fmedia&parent=5248"}],"wp:term":[{"taxonomy":"category","embeddable":true,"href":"https:\/\/encuentroinformativo.com.mx\/index.php?rest_route=%2Fwp%2Fv2%2Fcategories&post=5248"},{"taxonomy":"post_tag","embeddable":true,"href":"https:\/\/encuentroinformativo.com.mx\/index.php?rest_route=%2Fwp%2Fv2%2Ftags&post=5248"}],"curies":[{"name":"wp","href":"https:\/\/api.w.org\/{rel}","templated":true}]}}