{"id":52480,"date":"2024-03-26T15:25:52","date_gmt":"2024-03-26T21:25:52","guid":{"rendered":"https:\/\/encuentroinformativo.com.mx\/?p=52480"},"modified":"2024-03-26T15:25:59","modified_gmt":"2024-03-26T21:25:59","slug":"proximo-fin-de-semana-invitan-a-festival-del-taco","status":"publish","type":"post","link":"https:\/\/encuentroinformativo.com.mx\/?p=52480","title":{"rendered":"Pr\u00f3ximo fin de semana, invitan a Festival del Taco"},"content":{"rendered":"\n<p><strong>Dar\u00edo Pale <\/strong><\/p>\n\n\n\n<p>Xalapa, Ver.- El presidente del Consejo Gastron\u00f3mico de Veracruz Sergio Santos Buenfil, dio a conocer que todo est\u00e1 listo para el Festival del Taco los pr\u00f3ximos 30 y 31 de marzo en el parque Ju\u00e1rez en el que se estima que se vendan m\u00e1s de 90 mil tacos.<\/p>\n\n\n\n<p>En entrevista se\u00f1al\u00f3 que, &#8220;es la cuarta edici\u00f3n, vamos a estar 55 expositores de todo tipo de taco, lo que es la cochinita pibil, tacos al pastor, de guisado, de pescado, va a haber de todo, gran variedad de insectos&#8221;.<\/p>\n\n\n\n<p>Expuso que los precios ser\u00e1n muy accesibles para todos los bolsillos de las familias y dijo que la Semana Santa y el que haya personas que acostumbran no comer carne no les afectar\u00e1.<\/p>\n\n\n\n<p>Coment\u00f3 que en sus cartas no se han aumentado los precios, los insumos si han sufrido variaci\u00f3n en sus precios pero no han incrementado los precios desde agosto, en octubre si se increment\u00f3 un poco el precio de la carne pero mantuvieron el precio.<\/p>\n\n\n\n<p>&#8220;Hay buena aceptaci\u00f3n por parte de la ciudadan\u00eda y se espera una buena derrama econ\u00f3mica. S\u00ed se dan cita en este tipo de eventos que hacemos&#8221;, se\u00f1al\u00f3.<\/p>\n\n\n\n<p>Por \u00faltimo record\u00f3 que el a\u00f1o pasado hubo cerca de 36 expositores una derrama econ\u00f3mica de alrededor de 1.5 millones de pesos y se espera que este a\u00f1os sea del doble.<\/p>\n","protected":false},"excerpt":{"rendered":"<p>Dar\u00edo Pale Xalapa, Ver.- El presidente del Consejo Gastron\u00f3mico de Veracruz Sergio Santos Buenfil, dio a conocer que todo est\u00e1 listo para el Festival del Taco los pr\u00f3ximos 30 y 31 de marzo en el parque Ju\u00e1rez en el que se estima que se vendan m\u00e1s de 90 mil tacos. En entrevista se\u00f1al\u00f3 que, &#8220;es [&hellip;]<\/p>\n","protected":false},"author":2476,"featured_media":52481,"comment_status":"open","ping_status":"open","sticky":false,"template":"","format":"standard","meta":{"_jetpack_memberships_contains_paid_content":false,"footnotes":""},"categories":[3],"tags":[],"class_list":["post-52480","post","type-post","status-publish","format-standard","has-post-thumbnail","hentry","category-xalapa"],"jetpack_featured_media_url":"https:\/\/encuentroinformativo.com.mx\/wp-content\/uploads\/2024\/03\/IMG-20240326-WA01072.jpg","jetpack_sharing_enabled":true,"jetpack_likes_enabled":true,"amp_enabled":true,"_links":{"self":[{"href":"https:\/\/encuentroinformativo.com.mx\/index.php?rest_route=\/wp\/v2\/posts\/52480","targetHints":{"allow":["GET"]}}],"collection":[{"href":"https:\/\/encuentroinformativo.com.mx\/index.php?rest_route=\/wp\/v2\/posts"}],"about":[{"href":"https:\/\/encuentroinformativo.com.mx\/index.php?rest_route=\/wp\/v2\/types\/post"}],"author":[{"embeddable":true,"href":"https:\/\/encuentroinformativo.com.mx\/index.php?rest_route=\/wp\/v2\/users\/2476"}],"replies":[{"embeddable":true,"href":"https:\/\/encuentroinformativo.com.mx\/index.php?rest_route=%2Fwp%2Fv2%2Fcomments&post=52480"}],"version-history":[{"count":1,"href":"https:\/\/encuentroinformativo.com.mx\/index.php?rest_route=\/wp\/v2\/posts\/52480\/revisions"}],"predecessor-version":[{"id":52482,"href":"https:\/\/encuentroinformativo.com.mx\/index.php?rest_route=\/wp\/v2\/posts\/52480\/revisions\/52482"}],"wp:featuredmedia":[{"embeddable":true,"href":"https:\/\/encuentroinformativo.com.mx\/index.php?rest_route=\/wp\/v2\/media\/52481"}],"wp:attachment":[{"href":"https:\/\/encuentroinformativo.com.mx\/index.php?rest_route=%2Fwp%2Fv2%2Fmedia&parent=52480"}],"wp:term":[{"taxonomy":"category","embeddable":true,"href":"https:\/\/encuentroinformativo.com.mx\/index.php?rest_route=%2Fwp%2Fv2%2Fcategories&post=52480"},{"taxonomy":"post_tag","embeddable":true,"href":"https:\/\/encuentroinformativo.com.mx\/index.php?rest_route=%2Fwp%2Fv2%2Ftags&post=52480"}],"curies":[{"name":"wp","href":"https:\/\/api.w.org\/{rel}","templated":true}]}}