{"id":52483,"date":"2024-03-26T15:35:50","date_gmt":"2024-03-26T21:35:50","guid":{"rendered":"https:\/\/encuentroinformativo.com.mx\/?p=52483"},"modified":"2024-03-26T15:35:59","modified_gmt":"2024-03-26T21:35:59","slug":"presentaran-iniciativa-sobre-violencia-familiar","status":"publish","type":"post","link":"https:\/\/encuentroinformativo.com.mx\/?p=52483","title":{"rendered":"Presentar\u00e1n iniciativa sobre violencia familiar"},"content":{"rendered":"\n<p><strong>Dar\u00edo Pale <\/strong><\/p>\n\n\n\n<p>Xalapa, Ver.- Envi\u00f3 al Congreso del Estado una iniciativa de Ley para erradicar la violencia dise\u00f1ada para atender, ni\u00f1as, ni\u00f1os, adolescentes, hombres, mujeres y adultos mayores que se encuentren en riesgo o que se encuentren ya como receptores de violencia familiar, as\u00ed lo dio a conocer el gobernador Cuitl\u00e1huac Garc\u00eda Jim\u00e9nez.<\/p>\n\n\n\n<p>En conferencia de prensa el coordinador del Sistema de Alerta Temprana del DIF estatal, Ad\u00e1n Jes\u00fas Campo L\u00f3pez, explic\u00f3 que este sistema \u00a0se crea de una manera interinstitucional, es decir, 17 dependencias de gobierno del estado se encuentran como parte de este sistema para coadyuvar en prevenir y erradicar la violencia familiar en el estado de Veracruz.<\/p>\n\n\n\n<p>El funcionario estatal precis\u00f3 que existen 3 tipos fundamentales para reportar o establecer \u00a0cualquier tipo de violencia en el estado, de ahi que \u00a0la primera es la modalidad presencial en donde cualquier persona podr\u00e1 asistir a una dependencia p\u00fablica a establecer o \u00a0dar a conocer la queja.<\/p>\n\n\n\n<p>&#8220;La otra es por v\u00eda de un buz\u00f3n, vamos a establecer buzones en estas dependencias, algunos ya est\u00e1n de hecho establecidos donde las personas podr\u00e1n de manera escrita inclusive de manera an\u00f3nima presentar alguna queja que conozcan sobre violencia familiar&#8221;, se\u00f1al\u00f3.<\/p>\n\n\n\n<p>El m\u00e1s importante es mediante la l\u00ednea telef\u00f3nica que est\u00e1 establecida para tal efecto que es el n\u00famero 070 esta l\u00ednea dispuesto en el call Center en el DIF estatal.<\/p>\n\n\n\n<p>&#8220;Se van a atender y establecer seguimiento a cualquier tipo de violencia familiar, esta ley es muy importante porque establece como obligaci\u00f3n a todas las instituciones dependientes del gobierno del estado y a los ayuntamientos en materia de violencia. Establece la obligaci\u00f3n de tener dentro de sus planes de desarrollo iniciativas integrales efectos de proteger y heridas que erradiquen la violencia familiar en el estado&#8221;, coment\u00f3.<\/p>\n\n\n\n<p>&#8220;Por lo que \u00a0cuando una persona se encuentre en un riesgo inminente o afecte a su integridad, las dependencias ya sea del estado o municipal \u00a0establecer\u00e1n \u00a0de manera fundada y motivada las razones por las cuales est\u00e1n estableciendo una medida podr\u00e1n salvaguardar de facto la integridad de cualquier persona muy importante esta ley beneficia no solamente a mujeres en situaci\u00f3n de violencia familiar est\u00e1 dise\u00f1ada para atender ni\u00f1as ni\u00f1os adolescentes hombres mujeres y adultos mayores que se encuentren en riesgo o que se encuentren ya como receptores de violencia familiar&#8221;, agreg\u00f3.<\/p>\n\n\n\n<p>Por \u00faltimo dio a conocer que esta Ley protege de manera integral a las personas \u00a0para poder erradicar la violencia.<\/p>\n","protected":false},"excerpt":{"rendered":"<p>Dar\u00edo Pale Xalapa, Ver.- Envi\u00f3 al Congreso del Estado una iniciativa de Ley para erradicar la violencia dise\u00f1ada para atender, ni\u00f1as, ni\u00f1os, adolescentes, hombres, mujeres y adultos mayores que se encuentren en riesgo o que se encuentren ya como receptores de violencia familiar, as\u00ed lo dio a conocer el gobernador Cuitl\u00e1huac Garc\u00eda Jim\u00e9nez. En conferencia [&hellip;]<\/p>\n","protected":false},"author":2476,"featured_media":52484,"comment_status":"open","ping_status":"open","sticky":false,"template":"","format":"standard","meta":{"_jetpack_memberships_contains_paid_content":false,"footnotes":""},"categories":[2],"tags":[],"class_list":["post-52483","post","type-post","status-publish","format-standard","has-post-thumbnail","hentry","category-estado"],"jetpack_featured_media_url":"https:\/\/encuentroinformativo.com.mx\/wp-content\/uploads\/2024\/03\/IMG-20240326-WA0121.jpg","jetpack_sharing_enabled":true,"jetpack_likes_enabled":true,"amp_enabled":true,"_links":{"self":[{"href":"https:\/\/encuentroinformativo.com.mx\/index.php?rest_route=\/wp\/v2\/posts\/52483","targetHints":{"allow":["GET"]}}],"collection":[{"href":"https:\/\/encuentroinformativo.com.mx\/index.php?rest_route=\/wp\/v2\/posts"}],"about":[{"href":"https:\/\/encuentroinformativo.com.mx\/index.php?rest_route=\/wp\/v2\/types\/post"}],"author":[{"embeddable":true,"href":"https:\/\/encuentroinformativo.com.mx\/index.php?rest_route=\/wp\/v2\/users\/2476"}],"replies":[{"embeddable":true,"href":"https:\/\/encuentroinformativo.com.mx\/index.php?rest_route=%2Fwp%2Fv2%2Fcomments&post=52483"}],"version-history":[{"count":1,"href":"https:\/\/encuentroinformativo.com.mx\/index.php?rest_route=\/wp\/v2\/posts\/52483\/revisions"}],"predecessor-version":[{"id":52485,"href":"https:\/\/encuentroinformativo.com.mx\/index.php?rest_route=\/wp\/v2\/posts\/52483\/revisions\/52485"}],"wp:featuredmedia":[{"embeddable":true,"href":"https:\/\/encuentroinformativo.com.mx\/index.php?rest_route=\/wp\/v2\/media\/52484"}],"wp:attachment":[{"href":"https:\/\/encuentroinformativo.com.mx\/index.php?rest_route=%2Fwp%2Fv2%2Fmedia&parent=52483"}],"wp:term":[{"taxonomy":"category","embeddable":true,"href":"https:\/\/encuentroinformativo.com.mx\/index.php?rest_route=%2Fwp%2Fv2%2Fcategories&post=52483"},{"taxonomy":"post_tag","embeddable":true,"href":"https:\/\/encuentroinformativo.com.mx\/index.php?rest_route=%2Fwp%2Fv2%2Ftags&post=52483"}],"curies":[{"name":"wp","href":"https:\/\/api.w.org\/{rel}","templated":true}]}}