{"id":52492,"date":"2024-03-26T17:56:05","date_gmt":"2024-03-26T23:56:05","guid":{"rendered":"https:\/\/encuentroinformativo.com.mx\/?p=52492"},"modified":"2024-03-26T17:56:15","modified_gmt":"2024-03-26T23:56:15","slug":"procuraduria-de-proteccion-de-ninas-ninos-y-adolescentes-de-boca-del-rio-implementa-acciones-tras-la-denuncia-ciudadana-de-maltrato-infantil","status":"publish","type":"post","link":"https:\/\/encuentroinformativo.com.mx\/?p=52492","title":{"rendered":"Procuradur\u00eda de Protecci\u00f3n de Ni\u00f1as, Ni\u00f1os y Adolescentes de Boca del R\u00edo implementa acciones tras la denuncia ciudadana de maltrato infantil"},"content":{"rendered":"\n<p>Boca del R\u00edo, Ver.- La Procuradur\u00eda de Protecci\u00f3n de Ni\u00f1as, Ni\u00f1os y Adolescentes de Boca del R\u00edo a cargo del DIF municipal, ha tomado medidas inmediatas en respuesta a la denuncia ciudadana sobre el presunto maltrato infantil en contra de dos menores de edad que se encontraban solos en su domicilio.<\/p>\n\n\n\n<p>Al atender la queja que interpusieron vecinos de la calle 4 de la colonia Nueva Era, sobre presuntos actos de violencia en contra de dos menores de edad de 2 y 5 a\u00f1os respectivamente, la Procuradur\u00eda acudi\u00f3 al lugar de los hechos para corroborar la situaci\u00f3n.<\/p>\n\n\n\n<p>Se brind\u00f3 atenci\u00f3n prioritaria a los dos ni\u00f1os y se activ\u00f3 el protocolo que marca la ley para la atenci\u00f3n de menores v\u00edctimas de violencia. Tras las averiguaciones previas, la Procuradur\u00eda de Protecci\u00f3n de Ni\u00f1as, Ni\u00f1os y Adolescentes de Boca del R\u00edo determin\u00f3 solicitar el resguardo de los infantes con un familiar alterno, mientras contin\u00faan las diligencias para establecer si existen o no razones para interponer una denuncia ante la Fiscal\u00eda Especializada.<\/p>\n\n\n\n<p>Por lo anterior, se ha iniciado una investigaci\u00f3n exhaustiva para determinar las circunstancias exactas del caso y evaluar el bienestar de los menores afectados; durante la visita domiciliaria se recopil\u00f3 evidencia y se evaluaron las condiciones en las que se encontraban los ni\u00f1os.<\/p>\n\n\n\n<p>Adem\u00e1s se estar\u00e1 brindando apoyo psicol\u00f3gico y social a los menores afectados y a sus familias para garantizar su seguridad y bienestar.<\/p>\n\n\n\n<p>La Procuradur\u00eda ha colaborado estrechamente con otras instituciones como la Polic\u00eda Municipal y Estatal, para garantizar una respuesta integral y efectiva.<\/p>\n\n\n\n<p>Cabe mencionar que de manera preliminar no se detectaron signos de violencia o maltrato f\u00edsico en los menores; sin embargo, se seguir\u00e1n realizando las acciones necesarias para descartar este posible delito.<\/p>\n\n\n\n<p>Es importante mencionar que se realizar\u00e1 un seguimiento constante para asegurar que los derechos de los ni\u00f1os sean protegidos y que se tomen las medidas necesarias para su cuidado.<\/p>\n\n\n\n<p>La Procuradur\u00eda de Protecci\u00f3n de Ni\u00f1as, Ni\u00f1os y Adolescentes reafirma su compromiso con la defensa de los derechos de los menores y su lucha contra cualquier forma de maltrato.<\/p>\n\n\n\n<p>Instamos a la comunidad a denunciar cualquier situaci\u00f3n de vulnerabilidad o abuso infantil a trav\u00e9s de la l\u00ednea de atenci\u00f3n 22202-2222 ext.1345, o directamente al 911.<\/p>\n","protected":false},"excerpt":{"rendered":"<p>Boca del R\u00edo, Ver.- La Procuradur\u00eda de Protecci\u00f3n de Ni\u00f1as, Ni\u00f1os y Adolescentes de Boca del R\u00edo a cargo del DIF municipal, ha tomado medidas inmediatas en respuesta a la denuncia ciudadana sobre el presunto maltrato infantil en contra de dos menores de edad que se encontraban solos en su domicilio. Al atender la queja [&hellip;]<\/p>\n","protected":false},"author":2476,"featured_media":2192,"comment_status":"open","ping_status":"open","sticky":false,"template":"","format":"standard","meta":{"_jetpack_memberships_contains_paid_content":false,"footnotes":""},"categories":[2],"tags":[],"class_list":["post-52492","post","type-post","status-publish","format-standard","has-post-thumbnail","hentry","category-estado"],"jetpack_featured_media_url":"https:\/\/encuentroinformativo.com.mx\/wp-content\/uploads\/2020\/04\/B6249ED3-200A-4B11-BCA9-19511C03B0B0.jpeg","jetpack_sharing_enabled":true,"jetpack_likes_enabled":true,"amp_enabled":true,"_links":{"self":[{"href":"https:\/\/encuentroinformativo.com.mx\/index.php?rest_route=\/wp\/v2\/posts\/52492","targetHints":{"allow":["GET"]}}],"collection":[{"href":"https:\/\/encuentroinformativo.com.mx\/index.php?rest_route=\/wp\/v2\/posts"}],"about":[{"href":"https:\/\/encuentroinformativo.com.mx\/index.php?rest_route=\/wp\/v2\/types\/post"}],"author":[{"embeddable":true,"href":"https:\/\/encuentroinformativo.com.mx\/index.php?rest_route=\/wp\/v2\/users\/2476"}],"replies":[{"embeddable":true,"href":"https:\/\/encuentroinformativo.com.mx\/index.php?rest_route=%2Fwp%2Fv2%2Fcomments&post=52492"}],"version-history":[{"count":1,"href":"https:\/\/encuentroinformativo.com.mx\/index.php?rest_route=\/wp\/v2\/posts\/52492\/revisions"}],"predecessor-version":[{"id":52493,"href":"https:\/\/encuentroinformativo.com.mx\/index.php?rest_route=\/wp\/v2\/posts\/52492\/revisions\/52493"}],"wp:featuredmedia":[{"embeddable":true,"href":"https:\/\/encuentroinformativo.com.mx\/index.php?rest_route=\/wp\/v2\/media\/2192"}],"wp:attachment":[{"href":"https:\/\/encuentroinformativo.com.mx\/index.php?rest_route=%2Fwp%2Fv2%2Fmedia&parent=52492"}],"wp:term":[{"taxonomy":"category","embeddable":true,"href":"https:\/\/encuentroinformativo.com.mx\/index.php?rest_route=%2Fwp%2Fv2%2Fcategories&post=52492"},{"taxonomy":"post_tag","embeddable":true,"href":"https:\/\/encuentroinformativo.com.mx\/index.php?rest_route=%2Fwp%2Fv2%2Ftags&post=52492"}],"curies":[{"name":"wp","href":"https:\/\/api.w.org\/{rel}","templated":true}]}}