{"id":52509,"date":"2024-03-27T11:38:39","date_gmt":"2024-03-27T17:38:39","guid":{"rendered":"https:\/\/encuentroinformativo.com.mx\/?p=52509"},"modified":"2024-03-27T11:38:45","modified_gmt":"2024-03-27T17:38:45","slug":"incendios-en-altas-montanas-genero-retrasos-y-perdidas-economicas-en-transportistas","status":"publish","type":"post","link":"https:\/\/encuentroinformativo.com.mx\/?p=52509","title":{"rendered":"Incendios en Altas Monta\u00f1as gener\u00f3 retrasos y p\u00e9rdidas econ\u00f3micas en transportistas"},"content":{"rendered":"\n<p><strong>Alejandro \u00c1vila<\/strong><\/p>\n\n\n\n<p>Veracruz, Ver.- Los recientes incendios que se han suscitado en la zona de las Altas Monta\u00f1as y que afectan la ruta de las Cumbres de Maltrata, han generado grandes p\u00e9rdidas econ\u00f3micas y retrasos para los transportistas, mencion\u00f3 Miguelina L\u00f3pez Hern\u00e1ndez, presidenta de CANACAR Veracruz.<\/p>\n\n\n\n<p>Debido a esta situaci\u00f3n han tenido que cambiar su ruta, pues adem\u00e1s de que el humo le reduce la visibilidad del camino, muchos operadores transportan combustible y esto hace m\u00e1s riesgoso el trayecto.<\/p>\n\n\n\n<p>&#8220;Por supuesto que es una afectaci\u00f3n econ\u00f3mica para todos para los clientes, para los transportistas, y pues tiempos tambi\u00e9n en nuestros trayectos y atrasos en la log\u00edstica que tenemos prevista para el uso de las unidades, afecta pero tremendamente esta situaci\u00f3n (\u2026) pues estamos retras\u00e1ndonos un promedio de 4 a 5 horas en los trayectos, estamos esperando, de acuerdo a nuestras previsiones tenemos que tener ciertos protocolos de seguridad para hacer los cambios de ruta&#8221;, declar\u00f3.<\/p>\n\n\n\n<p>Miguelina L\u00f3pez dijo que a la zona portuaria de Veracruz ingresan cerca de 2 300 unidades de transporte al d\u00eda, y entre el 30 y 40 por ciento de estas utilizan la ruta de las Cumbres de Maltrata.<\/p>\n","protected":false},"excerpt":{"rendered":"<p>Alejandro \u00c1vila Veracruz, Ver.- Los recientes incendios que se han suscitado en la zona de las Altas Monta\u00f1as y que afectan la ruta de las Cumbres de Maltrata, han generado grandes p\u00e9rdidas econ\u00f3micas y retrasos para los transportistas, mencion\u00f3 Miguelina L\u00f3pez Hern\u00e1ndez, presidenta de CANACAR Veracruz. Debido a esta situaci\u00f3n han tenido que cambiar su [&hellip;]<\/p>\n","protected":false},"author":2476,"featured_media":52510,"comment_status":"open","ping_status":"open","sticky":false,"template":"","format":"standard","meta":{"_jetpack_memberships_contains_paid_content":false,"footnotes":""},"categories":[2],"tags":[],"class_list":["post-52509","post","type-post","status-publish","format-standard","has-post-thumbnail","hentry","category-estado"],"jetpack_featured_media_url":"https:\/\/encuentroinformativo.com.mx\/wp-content\/uploads\/2024\/03\/IMG-20240327-WA0033.jpg","jetpack_sharing_enabled":true,"jetpack_likes_enabled":true,"amp_enabled":true,"_links":{"self":[{"href":"https:\/\/encuentroinformativo.com.mx\/index.php?rest_route=\/wp\/v2\/posts\/52509","targetHints":{"allow":["GET"]}}],"collection":[{"href":"https:\/\/encuentroinformativo.com.mx\/index.php?rest_route=\/wp\/v2\/posts"}],"about":[{"href":"https:\/\/encuentroinformativo.com.mx\/index.php?rest_route=\/wp\/v2\/types\/post"}],"author":[{"embeddable":true,"href":"https:\/\/encuentroinformativo.com.mx\/index.php?rest_route=\/wp\/v2\/users\/2476"}],"replies":[{"embeddable":true,"href":"https:\/\/encuentroinformativo.com.mx\/index.php?rest_route=%2Fwp%2Fv2%2Fcomments&post=52509"}],"version-history":[{"count":1,"href":"https:\/\/encuentroinformativo.com.mx\/index.php?rest_route=\/wp\/v2\/posts\/52509\/revisions"}],"predecessor-version":[{"id":52511,"href":"https:\/\/encuentroinformativo.com.mx\/index.php?rest_route=\/wp\/v2\/posts\/52509\/revisions\/52511"}],"wp:featuredmedia":[{"embeddable":true,"href":"https:\/\/encuentroinformativo.com.mx\/index.php?rest_route=\/wp\/v2\/media\/52510"}],"wp:attachment":[{"href":"https:\/\/encuentroinformativo.com.mx\/index.php?rest_route=%2Fwp%2Fv2%2Fmedia&parent=52509"}],"wp:term":[{"taxonomy":"category","embeddable":true,"href":"https:\/\/encuentroinformativo.com.mx\/index.php?rest_route=%2Fwp%2Fv2%2Fcategories&post=52509"},{"taxonomy":"post_tag","embeddable":true,"href":"https:\/\/encuentroinformativo.com.mx\/index.php?rest_route=%2Fwp%2Fv2%2Ftags&post=52509"}],"curies":[{"name":"wp","href":"https:\/\/api.w.org\/{rel}","templated":true}]}}