{"id":52522,"date":"2024-03-27T17:08:28","date_gmt":"2024-03-27T23:08:28","guid":{"rendered":"https:\/\/encuentroinformativo.com.mx\/?p=52522"},"modified":"2024-03-27T17:08:34","modified_gmt":"2024-03-27T23:08:34","slug":"anuncian-docentes-de-telebachillerato-brazos-caidos-para-regreso-a-clases","status":"publish","type":"post","link":"https:\/\/encuentroinformativo.com.mx\/?p=52522","title":{"rendered":"Anuncian docentes de Telebachillerato &#8216;brazos ca\u00eddos&#8217; para regreso a clases"},"content":{"rendered":"\n<p><strong>Dar\u00edo Pale <\/strong><\/p>\n\n\n\n<p>Xalapa, Ver.- Sergio Luis Garc\u00eda Gallegos docente de Telebachillerato Comunitario en San Marcos municipio de Naolinco, dio a conocer que son miembros del Frente \u00danico Nacional de Trabajadores del Telebachillerato Comunitario de Veracruz, dijo que est\u00e1n consternados y preocupados porque empezaron el a\u00f1o con una disminuci\u00f3n de su salario, por lo que el d\u00eda 8 de abril regresar\u00edan a laborar de brazos ca\u00eddos.<\/p>\n\n\n\n<p>En conferencia de prensa dieron a conocer que en representaci\u00f3n de los 90 docentes que conforman la plantilla laboral en el estado, dieron a conocer a la sociedad en general, y particularmente a los municipios en donde laboran, que est\u00e1n consternados porque este a\u00f1o comenzaron con una disminuci\u00f3n en su salarios loa cual nunca hab\u00eda pasado en los diez a\u00f1os que llevan laborando, ya que desde 2013 ha venido en aumento.<\/p>\n\n\n\n<p>&#8220;Este a\u00f1o adem\u00e1s de haber tenido un retraso en los pagos de los primeros meses del a\u00f1o, tambi\u00e9n hubo un descuento considerable, ante esta situaci\u00f3n las autoridades de manera informal nos dijeron que dicho decremento obedecia a descuentos de impuestos por pagos acumulados&#8221;, se\u00f1al\u00f3.<\/p>\n\n\n\n<p>&#8220;Que el pago de enero y febrero lo hicieron al mismo tiempo en el mes de marzo, sin embargo, el dia de ayer al recibir el pago de este mes que corre, nos percatamos que hubo otro decremento, lo que nos deja con una percepci\u00f3n similar a la que se tenia al inicio del sexenio, al final del dia no tuvimos ning\u00fan aumento, al contrario, estamos cobrando lo mismo que hace 6 a\u00f1os&#8221;, agreg\u00f3.<\/p>\n\n\n\n<p>Dio a conocer que el docente cobraba 12 mil pesos aproximadamente y actualmente les est\u00e1n dando 10 mil 800 pesos les bajaron mil doscientos pesos aproximadamente, por lo que enviaron un oficio por medio de su coordinador estatal el licenciado Alejandro Sol\u00eds para solicitar la aclaraci\u00f3n del porque tanta retenci\u00f3n.<\/p>\n\n\n\n<p>&#8220;La turn\u00f3 al \u00e1rea financiera de la SEV Estamos en espera de dicha aclaraci\u00f3n, en caso de no tener respuesta, el dia 8 d abril comenzar\u00edamos el regreso clases con un paro de brazos ca\u00eddos&#8221;, sacudo.<\/p>\n\n\n\n<p>Finalmente dio a conocer que representan a 90 docentes en los 30 planteles en el estado, que atienden entre 2 mil 500 y 3 mil alumnos.<\/p>\n","protected":false},"excerpt":{"rendered":"<p>Dar\u00edo Pale Xalapa, Ver.- Sergio Luis Garc\u00eda Gallegos docente de Telebachillerato Comunitario en San Marcos municipio de Naolinco, dio a conocer que son miembros del Frente \u00danico Nacional de Trabajadores del Telebachillerato Comunitario de Veracruz, dijo que est\u00e1n consternados y preocupados porque empezaron el a\u00f1o con una disminuci\u00f3n de su salario, por lo que el [&hellip;]<\/p>\n","protected":false},"author":2476,"featured_media":52523,"comment_status":"open","ping_status":"open","sticky":false,"template":"","format":"standard","meta":{"_jetpack_memberships_contains_paid_content":false,"footnotes":""},"categories":[2],"tags":[],"class_list":["post-52522","post","type-post","status-publish","format-standard","has-post-thumbnail","hentry","category-estado"],"jetpack_featured_media_url":"https:\/\/encuentroinformativo.com.mx\/wp-content\/uploads\/2024\/03\/IMG-20240327-WA0062.jpg","jetpack_sharing_enabled":true,"jetpack_likes_enabled":true,"amp_enabled":true,"_links":{"self":[{"href":"https:\/\/encuentroinformativo.com.mx\/index.php?rest_route=\/wp\/v2\/posts\/52522","targetHints":{"allow":["GET"]}}],"collection":[{"href":"https:\/\/encuentroinformativo.com.mx\/index.php?rest_route=\/wp\/v2\/posts"}],"about":[{"href":"https:\/\/encuentroinformativo.com.mx\/index.php?rest_route=\/wp\/v2\/types\/post"}],"author":[{"embeddable":true,"href":"https:\/\/encuentroinformativo.com.mx\/index.php?rest_route=\/wp\/v2\/users\/2476"}],"replies":[{"embeddable":true,"href":"https:\/\/encuentroinformativo.com.mx\/index.php?rest_route=%2Fwp%2Fv2%2Fcomments&post=52522"}],"version-history":[{"count":1,"href":"https:\/\/encuentroinformativo.com.mx\/index.php?rest_route=\/wp\/v2\/posts\/52522\/revisions"}],"predecessor-version":[{"id":52524,"href":"https:\/\/encuentroinformativo.com.mx\/index.php?rest_route=\/wp\/v2\/posts\/52522\/revisions\/52524"}],"wp:featuredmedia":[{"embeddable":true,"href":"https:\/\/encuentroinformativo.com.mx\/index.php?rest_route=\/wp\/v2\/media\/52523"}],"wp:attachment":[{"href":"https:\/\/encuentroinformativo.com.mx\/index.php?rest_route=%2Fwp%2Fv2%2Fmedia&parent=52522"}],"wp:term":[{"taxonomy":"category","embeddable":true,"href":"https:\/\/encuentroinformativo.com.mx\/index.php?rest_route=%2Fwp%2Fv2%2Fcategories&post=52522"},{"taxonomy":"post_tag","embeddable":true,"href":"https:\/\/encuentroinformativo.com.mx\/index.php?rest_route=%2Fwp%2Fv2%2Ftags&post=52522"}],"curies":[{"name":"wp","href":"https:\/\/api.w.org\/{rel}","templated":true}]}}