{"id":52525,"date":"2024-03-27T17:13:56","date_gmt":"2024-03-27T23:13:56","guid":{"rendered":"https:\/\/encuentroinformativo.com.mx\/?p=52525"},"modified":"2024-03-27T17:14:01","modified_gmt":"2024-03-27T23:14:01","slug":"piden-cafetaleros-desistir-denuncias-en-su-contra","status":"publish","type":"post","link":"https:\/\/encuentroinformativo.com.mx\/?p=52525","title":{"rendered":"Piden cafetaleros desistir denuncias en su contra"},"content":{"rendered":"\n<p><strong>Dar\u00edo Pale <\/strong><\/p>\n\n\n\n<p>Xalapa, Ver.- Los Cafetaleros detenidos por incendio en AMSA exigen a la Fiscalia General del Estado (FGE) desista de acusaciones, as\u00ed lo dio a conocer Viridiana Bret\u00f3n Feito, exalcaldesa de Ixhuatl\u00e1n del Caf\u00e9, detenida el 26 de mayo de 2023, junto con cuatro productores de caf\u00e9.<\/p>\n\n\n\n<p>En conferencia de prensa los que fueron detenidos por el incendio en la empresa AMSA; hicieron un llamado a las autoridades estatales y a la Fiscal\u00eda General del Estado para que se desistan de las acusaciones en su contra.<\/p>\n\n\n\n<p>Acompa\u00f1ados por los productores del arom\u00e1tico detenidos por el incendio ocurrido en enero de 2022; record\u00f3 que dos de ellos estuvieron detenidos 32 d\u00edas, mientras que ella y Crisanto, otro de los productores, estuvieron presos cuatro meses.<\/p>\n\n\n\n<p>Indic\u00f3 que 10 meses de haberse iniciado el proceso penal, la Fiscal\u00eda General del Estado le recibi\u00f3 las pruebas de que el d\u00eda del incendio ella estaba en Quer\u00e9taro, en la maestr\u00eda que cursaba.<\/p>\n\n\n\n<p>&#8220;Nunca pudimos defendernos como debe de ser. Dijeron que yo llegu\u00e9 y organic\u00e9 la manifestaci\u00f3n, que yo llegu\u00e9 con las garrafas y les orden\u00e9 a ellos que quemaran&#8221;, se\u00f1al\u00f3.<\/p>\n\n\n\n<p>Por \u00faltimo coment\u00f3 que, &#8220;toda esa situaci\u00f3n fue armada, no s\u00e9 por qui\u00e9n, pero se tiene que aclarar, por eso estamos aqu\u00ed. Ya entregamos las pruebas, demostramos todos que somos inocentes&#8221;.<\/p>\n","protected":false},"excerpt":{"rendered":"<p>Dar\u00edo Pale Xalapa, Ver.- Los Cafetaleros detenidos por incendio en AMSA exigen a la Fiscalia General del Estado (FGE) desista de acusaciones, as\u00ed lo dio a conocer Viridiana Bret\u00f3n Feito, exalcaldesa de Ixhuatl\u00e1n del Caf\u00e9, detenida el 26 de mayo de 2023, junto con cuatro productores de caf\u00e9. En conferencia de prensa los que fueron [&hellip;]<\/p>\n","protected":false},"author":2476,"featured_media":47948,"comment_status":"open","ping_status":"open","sticky":false,"template":"","format":"standard","meta":{"_jetpack_memberships_contains_paid_content":false,"footnotes":""},"categories":[2],"tags":[],"class_list":["post-52525","post","type-post","status-publish","format-standard","has-post-thumbnail","hentry","category-estado"],"jetpack_featured_media_url":"https:\/\/encuentroinformativo.com.mx\/wp-content\/uploads\/2023\/11\/c43c78c2-7d6e-4b6b-beb8-601e9a5e72d0.jpg","jetpack_sharing_enabled":true,"jetpack_likes_enabled":true,"amp_enabled":true,"_links":{"self":[{"href":"https:\/\/encuentroinformativo.com.mx\/index.php?rest_route=\/wp\/v2\/posts\/52525","targetHints":{"allow":["GET"]}}],"collection":[{"href":"https:\/\/encuentroinformativo.com.mx\/index.php?rest_route=\/wp\/v2\/posts"}],"about":[{"href":"https:\/\/encuentroinformativo.com.mx\/index.php?rest_route=\/wp\/v2\/types\/post"}],"author":[{"embeddable":true,"href":"https:\/\/encuentroinformativo.com.mx\/index.php?rest_route=\/wp\/v2\/users\/2476"}],"replies":[{"embeddable":true,"href":"https:\/\/encuentroinformativo.com.mx\/index.php?rest_route=%2Fwp%2Fv2%2Fcomments&post=52525"}],"version-history":[{"count":1,"href":"https:\/\/encuentroinformativo.com.mx\/index.php?rest_route=\/wp\/v2\/posts\/52525\/revisions"}],"predecessor-version":[{"id":52526,"href":"https:\/\/encuentroinformativo.com.mx\/index.php?rest_route=\/wp\/v2\/posts\/52525\/revisions\/52526"}],"wp:featuredmedia":[{"embeddable":true,"href":"https:\/\/encuentroinformativo.com.mx\/index.php?rest_route=\/wp\/v2\/media\/47948"}],"wp:attachment":[{"href":"https:\/\/encuentroinformativo.com.mx\/index.php?rest_route=%2Fwp%2Fv2%2Fmedia&parent=52525"}],"wp:term":[{"taxonomy":"category","embeddable":true,"href":"https:\/\/encuentroinformativo.com.mx\/index.php?rest_route=%2Fwp%2Fv2%2Fcategories&post=52525"},{"taxonomy":"post_tag","embeddable":true,"href":"https:\/\/encuentroinformativo.com.mx\/index.php?rest_route=%2Fwp%2Fv2%2Ftags&post=52525"}],"curies":[{"name":"wp","href":"https:\/\/api.w.org\/{rel}","templated":true}]}}