{"id":52530,"date":"2024-03-27T17:40:08","date_gmt":"2024-03-27T23:40:08","guid":{"rendered":"https:\/\/encuentroinformativo.com.mx\/?p=52530"},"modified":"2024-03-27T17:40:13","modified_gmt":"2024-03-27T23:40:13","slug":"sigue-tomado-palacio-municipal-de-tlachichilco","status":"publish","type":"post","link":"https:\/\/encuentroinformativo.com.mx\/?p=52530","title":{"rendered":"Sigue tomado palacio municipal de Tlachichilco"},"content":{"rendered":"\n<p><strong>Juan Arcos <\/strong><\/p>\n\n\n\n<p>Xalapa, Ver.- Durante m\u00e1s de una semana ha permanecido tomado el Palacio Municipal de Tlachichilco, en la zona norte de Veracruz, por un grupo de pobladores que reclama la reparaci\u00f3n de carreteras en la regi\u00f3n Huasteca Baja.<\/p>\n\n\n\n<p>La gente ha solicitado la reparaci\u00f3n de las v\u00edas de comunicaci\u00f3n de Zacualpan a Tlachichilco y Tlachichilco a Ixhuatl\u00e1n de Madero.<\/p>\n\n\n\n<p>Los habitantes iniciaron sus protestas el pasado lunes 18 de marzo con un bloqueo carretero en la zona; sin embargo, al no obtener una respuesta favorable por parte de las autoridades, decidieron tomar el Palacio Municipal.<\/p>\n\n\n\n<p>Recordaron que los accesos que conducen a las localidades de Zacualpan y Llano del Medio, municipio de Ixhuatl\u00e1n de Madero, fueron cerrados al tr\u00e1nsito veh\u00edcular por el alto riesgo que representan.<\/p>\n\n\n\n<p>La carretera luce destruida en algunos tramos y no alcanza ni los cinco metros de ancho en la cinta asf\u00e1ltica.<\/p>\n\n\n\n<p>Por ello, surgi\u00f3 la inconformidad ciudadana y la exigencia es que se cubra con el requisito m\u00ednimo de siete metros de ancho, pues podr\u00eda haber accidentes en la zona ind\u00edgena mencionada.<\/p>\n\n\n\n<p>Los pobladores criticaron la actitud de la alcaldesa morenista de Tlachichilco, Nancy Rueda Hern\u00e1ndez, quien se niega a dialogar con la gente.<\/p>\n","protected":false},"excerpt":{"rendered":"<p>Juan Arcos Xalapa, Ver.- Durante m\u00e1s de una semana ha permanecido tomado el Palacio Municipal de Tlachichilco, en la zona norte de Veracruz, por un grupo de pobladores que reclama la reparaci\u00f3n de carreteras en la regi\u00f3n Huasteca Baja. La gente ha solicitado la reparaci\u00f3n de las v\u00edas de comunicaci\u00f3n de Zacualpan a Tlachichilco y [&hellip;]<\/p>\n","protected":false},"author":2476,"featured_media":52531,"comment_status":"open","ping_status":"open","sticky":false,"template":"","format":"standard","meta":{"_jetpack_memberships_contains_paid_content":false,"footnotes":""},"categories":[2],"tags":[],"class_list":["post-52530","post","type-post","status-publish","format-standard","has-post-thumbnail","hentry","category-estado"],"jetpack_featured_media_url":"https:\/\/encuentroinformativo.com.mx\/wp-content\/uploads\/2024\/03\/fd643c11-f664-4447-b610-9562631af2ba.jpg","jetpack_sharing_enabled":true,"jetpack_likes_enabled":true,"amp_enabled":true,"_links":{"self":[{"href":"https:\/\/encuentroinformativo.com.mx\/index.php?rest_route=\/wp\/v2\/posts\/52530","targetHints":{"allow":["GET"]}}],"collection":[{"href":"https:\/\/encuentroinformativo.com.mx\/index.php?rest_route=\/wp\/v2\/posts"}],"about":[{"href":"https:\/\/encuentroinformativo.com.mx\/index.php?rest_route=\/wp\/v2\/types\/post"}],"author":[{"embeddable":true,"href":"https:\/\/encuentroinformativo.com.mx\/index.php?rest_route=\/wp\/v2\/users\/2476"}],"replies":[{"embeddable":true,"href":"https:\/\/encuentroinformativo.com.mx\/index.php?rest_route=%2Fwp%2Fv2%2Fcomments&post=52530"}],"version-history":[{"count":1,"href":"https:\/\/encuentroinformativo.com.mx\/index.php?rest_route=\/wp\/v2\/posts\/52530\/revisions"}],"predecessor-version":[{"id":52532,"href":"https:\/\/encuentroinformativo.com.mx\/index.php?rest_route=\/wp\/v2\/posts\/52530\/revisions\/52532"}],"wp:featuredmedia":[{"embeddable":true,"href":"https:\/\/encuentroinformativo.com.mx\/index.php?rest_route=\/wp\/v2\/media\/52531"}],"wp:attachment":[{"href":"https:\/\/encuentroinformativo.com.mx\/index.php?rest_route=%2Fwp%2Fv2%2Fmedia&parent=52530"}],"wp:term":[{"taxonomy":"category","embeddable":true,"href":"https:\/\/encuentroinformativo.com.mx\/index.php?rest_route=%2Fwp%2Fv2%2Fcategories&post=52530"},{"taxonomy":"post_tag","embeddable":true,"href":"https:\/\/encuentroinformativo.com.mx\/index.php?rest_route=%2Fwp%2Fv2%2Ftags&post=52530"}],"curies":[{"name":"wp","href":"https:\/\/api.w.org\/{rel}","templated":true}]}}