{"id":52533,"date":"2024-03-27T17:50:54","date_gmt":"2024-03-27T23:50:54","guid":{"rendered":"https:\/\/encuentroinformativo.com.mx\/?p=52533"},"modified":"2024-03-27T17:50:59","modified_gmt":"2024-03-27T23:50:59","slug":"cuestionan-evangelicos-respuesta-de-autoridades-ante-incendios-forestales","status":"publish","type":"post","link":"https:\/\/encuentroinformativo.com.mx\/?p=52533","title":{"rendered":"Cuestionan evang\u00e9licos respuesta de autoridades ante incendios forestales"},"content":{"rendered":"\n<p><strong>Dar\u00edo Pale <\/strong><\/p>\n\n\n\n<p>Xalapa, Ver.- Cr\u00edtica la &#8220;ineptitud&#8221; y falta de actuaci\u00f3n del gobierno de Veracruz frente a la emergencia por los incendios forestales en la zona centro del Estado, as\u00ed lo dio a conocer el presidente de la Red Evang\u00e9lica de Veracruz, Guillermo Trujillo \u00c1lvarez.<\/p>\n\n\n\n<p>En entrevista se\u00f1al\u00f3 que ya son m\u00e1s de mil 600 hect\u00e1reas de bosque y pastizales que se han quemado y lament\u00f3 que durante el sexenio se hayan retirado apoyos para el campo.<\/p>\n\n\n\n<p>&#8220;Y ahora no saben qu\u00e9 hacer, lamentablemente estamos viendo la ineptitud de los gobiernos que nos dijeron que iban a ser mejores y est\u00e1n resultando peores. As\u00ed que nosotros hacemos un llamado a los ciudadanos para que, primero busquemos la paz, aprendamos de las ense\u00f1anzas de Jes\u00fas&#8221;, se\u00f1al\u00f3.<\/p>\n\n\n\n<p>Asimismo, pidi\u00f3 orar por la paz para estas pr\u00f3ximas elecciones, pero sobre todo porque el 2 de junio todos salgan a votar, porque debemos tener un compromiso con las familias, con el pa\u00eds.<\/p>\n\n\n\n<p>Respecto de la Semana Santa, el presidente de la Red Evang\u00e9lica de Veracruz, resalt\u00f3 que estas fechas son &#8220;hist\u00f3ricas&#8221;, no es tradici\u00f3n, no es fantas\u00eda, se trata de la mayor expresi\u00f3n de amor de Dios a los hombres, dando a su hijo Jes\u00fas.\u00a0<\/p>\n\n\n\n<p>&#8220;Esta conmemoraci\u00f3n nos da a entender el mayor acontecimiento de Dios para los hombres, Jesucristo vino para estar con nosotros los hombres y parece que nosotros no entendemos las ense\u00f1anzas de Jes\u00fas: amar al pr\u00f3jimo&#8221;, lament\u00f3.\u00a0<\/p>\n\n\n\n<p>Y es que, por ejemplo, cada vez se nota m\u00e1s el odio, el rencor, la divisi\u00f3n, hay cr\u00edmenes inimaginables, en general la violencia es cada vez peor.\u00a0<\/p>\n\n\n\n<p>El representante de los evang\u00e9licos a\u00f1adi\u00f3 que adem\u00e1s de cada vez hay m\u00e1s hechos violentos, cada vez hay m\u00e1s impunidad.<\/p>\n\n\n\n<p>Por \u00faltimo se\u00f1al\u00f3 que, &#8220;el Gobierno no hace nada por sus ciudadanos y eso es lo m\u00e1s lamentable, que los gobiernos que deben cuidar a sus ciudadanos, protegernos, no hacen nada, prefieren a veces ni tocar el tema&#8221;.<\/p>\n","protected":false},"excerpt":{"rendered":"<p>Dar\u00edo Pale Xalapa, Ver.- Cr\u00edtica la &#8220;ineptitud&#8221; y falta de actuaci\u00f3n del gobierno de Veracruz frente a la emergencia por los incendios forestales en la zona centro del Estado, as\u00ed lo dio a conocer el presidente de la Red Evang\u00e9lica de Veracruz, Guillermo Trujillo \u00c1lvarez. En entrevista se\u00f1al\u00f3 que ya son m\u00e1s de mil 600 [&hellip;]<\/p>\n","protected":false},"author":2476,"featured_media":52534,"comment_status":"open","ping_status":"open","sticky":false,"template":"","format":"standard","meta":{"_jetpack_memberships_contains_paid_content":false,"footnotes":""},"categories":[3],"tags":[],"class_list":["post-52533","post","type-post","status-publish","format-standard","has-post-thumbnail","hentry","category-xalapa"],"jetpack_featured_media_url":"https:\/\/encuentroinformativo.com.mx\/wp-content\/uploads\/2024\/03\/IMG-20240327-WA0073.jpg","jetpack_sharing_enabled":true,"jetpack_likes_enabled":true,"amp_enabled":true,"_links":{"self":[{"href":"https:\/\/encuentroinformativo.com.mx\/index.php?rest_route=\/wp\/v2\/posts\/52533","targetHints":{"allow":["GET"]}}],"collection":[{"href":"https:\/\/encuentroinformativo.com.mx\/index.php?rest_route=\/wp\/v2\/posts"}],"about":[{"href":"https:\/\/encuentroinformativo.com.mx\/index.php?rest_route=\/wp\/v2\/types\/post"}],"author":[{"embeddable":true,"href":"https:\/\/encuentroinformativo.com.mx\/index.php?rest_route=\/wp\/v2\/users\/2476"}],"replies":[{"embeddable":true,"href":"https:\/\/encuentroinformativo.com.mx\/index.php?rest_route=%2Fwp%2Fv2%2Fcomments&post=52533"}],"version-history":[{"count":1,"href":"https:\/\/encuentroinformativo.com.mx\/index.php?rest_route=\/wp\/v2\/posts\/52533\/revisions"}],"predecessor-version":[{"id":52535,"href":"https:\/\/encuentroinformativo.com.mx\/index.php?rest_route=\/wp\/v2\/posts\/52533\/revisions\/52535"}],"wp:featuredmedia":[{"embeddable":true,"href":"https:\/\/encuentroinformativo.com.mx\/index.php?rest_route=\/wp\/v2\/media\/52534"}],"wp:attachment":[{"href":"https:\/\/encuentroinformativo.com.mx\/index.php?rest_route=%2Fwp%2Fv2%2Fmedia&parent=52533"}],"wp:term":[{"taxonomy":"category","embeddable":true,"href":"https:\/\/encuentroinformativo.com.mx\/index.php?rest_route=%2Fwp%2Fv2%2Fcategories&post=52533"},{"taxonomy":"post_tag","embeddable":true,"href":"https:\/\/encuentroinformativo.com.mx\/index.php?rest_route=%2Fwp%2Fv2%2Ftags&post=52533"}],"curies":[{"name":"wp","href":"https:\/\/api.w.org\/{rel}","templated":true}]}}