{"id":52536,"date":"2024-03-27T17:57:19","date_gmt":"2024-03-27T23:57:19","guid":{"rendered":"https:\/\/encuentroinformativo.com.mx\/?p=52536"},"modified":"2024-03-27T17:57:25","modified_gmt":"2024-03-27T23:57:25","slug":"promueven-carrera-coatepec-esperan-mas-de-2-mil-participantes","status":"publish","type":"post","link":"https:\/\/encuentroinformativo.com.mx\/?p=52536","title":{"rendered":"Promueven Carrera Coatepec, esperan m\u00e1s de 2 mil participantes"},"content":{"rendered":"\n<p><strong>Juan Arcos <\/strong><\/p>\n\n\n\n<p>Xalapa, Ver.- Con una mayor participaci\u00f3n que en ediciones anteriores, se llevar\u00e1 a cabo la duod\u00e9cima Carrera Coatepec en el Pueblo M\u00e1gico cercano a la ciudad de Xalapa.<\/p>\n\n\n\n<p>Se tiene la expectativa de reunir a cerca de 2 mil corredores adultos y 300 ni\u00f1as y ni\u00f1os, lo que muestra que este evento deportivo ha crecido.<\/p>\n\n\n\n<p>Los organizadores dieron a conocer que los costos de inscripci\u00f3n son de 320 pesos para adultos y 250 pesos para los menores de edad.<\/p>\n\n\n\n<p>La duod\u00e9cima edici\u00f3n de la Carrera Coatepec se realizar\u00e1 el 4 de agosto a las 7:00 horas. La salida y la meta estar\u00e1n ubicadas en el parque Miguel Hidalgo, frente al Palacio Municipal.<\/p>\n\n\n\n<p>Se contemplan distancias de 5 y 10 kil\u00f3metros para las categor\u00edas Juvenil, Libre, M\u00e1ster, Veteranos y Veteranos Plus.<\/p>\n\n\n\n<p>Mientras que en la categor\u00eda infantil ser\u00e1n contemplados los nacidos en 2019, quienes recorrer\u00e1n 100 metros, as\u00ed como tambi\u00e9n, los nacidos entre 2017 y 2018, para un recorrido de 200 metros.<\/p>\n\n\n\n<p>Quienes nacieron en 2015 y 2016 competir\u00e1n en 300 metros. Los de 2013 y 2014 en 400 metros y los 2011 y 2012 en 600 metros.<\/p>\n\n\n\n<p>Las playeras representan el coraz\u00f3n y el alma. Los atletas podr\u00e1n escoger uno de estos conceptos para portarlo durante la justa deportiva.<\/p>\n\n\n\n<p>Los interesados pueden inscribirse en el portal\u00a0<a rel=\"noreferrer noopener\" href=\"http:\/\/www.tiempooficial.com\/\" target=\"_blank\">www.tiempooficial.com<\/a>\u00a0donde ya fue publicada la convocatoria correspondiente.<\/p>\n","protected":false},"excerpt":{"rendered":"<p>Juan Arcos Xalapa, Ver.- Con una mayor participaci\u00f3n que en ediciones anteriores, se llevar\u00e1 a cabo la duod\u00e9cima Carrera Coatepec en el Pueblo M\u00e1gico cercano a la ciudad de Xalapa. Se tiene la expectativa de reunir a cerca de 2 mil corredores adultos y 300 ni\u00f1as y ni\u00f1os, lo que muestra que este evento deportivo [&hellip;]<\/p>\n","protected":false},"author":2476,"featured_media":52537,"comment_status":"open","ping_status":"open","sticky":false,"template":"","format":"standard","meta":{"_jetpack_memberships_contains_paid_content":false,"footnotes":""},"categories":[8],"tags":[],"class_list":["post-52536","post","type-post","status-publish","format-standard","has-post-thumbnail","hentry","category-region"],"jetpack_featured_media_url":"https:\/\/encuentroinformativo.com.mx\/wp-content\/uploads\/2024\/03\/fbb9f5c1-6c3d-4d84-9151-b52e05772d502.jpg","jetpack_sharing_enabled":true,"jetpack_likes_enabled":true,"amp_enabled":true,"_links":{"self":[{"href":"https:\/\/encuentroinformativo.com.mx\/index.php?rest_route=\/wp\/v2\/posts\/52536","targetHints":{"allow":["GET"]}}],"collection":[{"href":"https:\/\/encuentroinformativo.com.mx\/index.php?rest_route=\/wp\/v2\/posts"}],"about":[{"href":"https:\/\/encuentroinformativo.com.mx\/index.php?rest_route=\/wp\/v2\/types\/post"}],"author":[{"embeddable":true,"href":"https:\/\/encuentroinformativo.com.mx\/index.php?rest_route=\/wp\/v2\/users\/2476"}],"replies":[{"embeddable":true,"href":"https:\/\/encuentroinformativo.com.mx\/index.php?rest_route=%2Fwp%2Fv2%2Fcomments&post=52536"}],"version-history":[{"count":1,"href":"https:\/\/encuentroinformativo.com.mx\/index.php?rest_route=\/wp\/v2\/posts\/52536\/revisions"}],"predecessor-version":[{"id":52538,"href":"https:\/\/encuentroinformativo.com.mx\/index.php?rest_route=\/wp\/v2\/posts\/52536\/revisions\/52538"}],"wp:featuredmedia":[{"embeddable":true,"href":"https:\/\/encuentroinformativo.com.mx\/index.php?rest_route=\/wp\/v2\/media\/52537"}],"wp:attachment":[{"href":"https:\/\/encuentroinformativo.com.mx\/index.php?rest_route=%2Fwp%2Fv2%2Fmedia&parent=52536"}],"wp:term":[{"taxonomy":"category","embeddable":true,"href":"https:\/\/encuentroinformativo.com.mx\/index.php?rest_route=%2Fwp%2Fv2%2Fcategories&post=52536"},{"taxonomy":"post_tag","embeddable":true,"href":"https:\/\/encuentroinformativo.com.mx\/index.php?rest_route=%2Fwp%2Fv2%2Ftags&post=52536"}],"curies":[{"name":"wp","href":"https:\/\/api.w.org\/{rel}","templated":true}]}}