{"id":5255,"date":"2020-08-27T01:33:25","date_gmt":"2020-08-27T06:33:25","guid":{"rendered":"https:\/\/encuentroinformativo.com\/?p=5255"},"modified":"2020-08-27T01:33:30","modified_gmt":"2020-08-27T06:33:30","slug":"tras-homicidio-de-familia-relevan-a-policia-de-altotonga","status":"publish","type":"post","link":"https:\/\/encuentroinformativo.com.mx\/?p=5255","title":{"rendered":"Tras homicidio de familia, relevan a polic\u00eda de Altotonga"},"content":{"rendered":"\n<p><strong>Juan Arcos<\/strong><\/p>\n\n\n\n<p>Xalapa, Ver.- El asesinato de una familia ocasion\u00f3 que elementos de la secretar\u00eda de la Defensa Nacional (Sedena), Guardia Nacional (GN) y de la Secretar\u00eda de Seguridad P\u00fablica (SSP) en Veracruz tomaran el control de la polic\u00eda en el municipio de Altotonga.<\/p>\n\n\n\n<p>La ni\u00f1a Sarah\u00ed, de 8 a\u00f1os; su madre Cita, de 40 a\u00f1os; y su padre Eduardo, de 35 a\u00f1os, murieron en un ataque armado cuando circulaban en su camioneta, misma que ocupaban para transportar su mercanc\u00eda; eran comerciantes de pollos.<\/p>\n\n\n\n<p>El hecho caus\u00f3 que pobladores de Altotonga, municipio que colinda con el estado de Puebla, comenzaran a denunciar a trav\u00e9s de redes sociales las frecuentes llamadas de extorsi\u00f3n y amenazas por parte de bandas delictivas.<\/p>\n\n\n\n<p>El multihomicidio ocurri\u00f3 la ma\u00f1ana del pasado s\u00e1bado 22 de agosto y, este mi\u00e9rcoles, se observ\u00f3 movilizaci\u00f3n de polic\u00edas estatales y militares frente a Palacio Municipal, quienes acudieron para realizar el relevo de la seguridad.<\/p>\n\n\n\n<p>El proceso inici\u00f3 con la inspecci\u00f3n de armas en posesi\u00f3n de los polic\u00edas municipales.<\/p>\n\n\n\n<p>Posteriormente, fue relevado el jefe de la polic\u00eda y todo el personal fue trasladado a la Academia de El Lencero, municipio de Emiliano Zapata, para aplicarles los ex\u00e1menes de control y confianza.<\/p>\n\n\n\n<p>Un d\u00eda antes, el gobernador de Veracruz, Cuitl\u00e1huac Garc\u00eda Jim\u00e9nez, acudi\u00f3 personalmente al municipio de Altotonga, donde encabez\u00f3 la reuni\u00f3n de la Mesa para la Construcci\u00f3n de la Paz y anunci\u00f3 que se reforzar\u00edan las acciones de seguridad en la regi\u00f3n de Altotonga -Mart\u00ednez de la Torre.<\/p>\n\n\n\n<p>Esta ma\u00f1ana, el titular de la Secretar\u00eda de Seguridad P\u00fablica en Veracruz, Hugo Guti\u00e9rrez Maldonado, sostuvo una reuni\u00f3n con el presidente municipal de Altotonga, Jos\u00e9 de la Torre S\u00e1nchez.<\/p>\n\n\n\n<p>Estuvo acompa\u00f1ado del General Sergio Armando Moreno, Coordinador Estatal de la Guardia Nacional, donde acordaron acciones puntuales para hacer frente a la delincuencia y restaurar la paz y bienestar social en Veracruz.<br><\/p>\n","protected":false},"excerpt":{"rendered":"<p>Juan Arcos Xalapa, Ver.- El asesinato de una familia ocasion\u00f3 que elementos de la secretar\u00eda de la Defensa Nacional (Sedena), Guardia Nacional (GN) y de la Secretar\u00eda de Seguridad P\u00fablica (SSP) en Veracruz tomaran el control de la polic\u00eda en el municipio de Altotonga. La ni\u00f1a Sarah\u00ed, de 8 a\u00f1os; su madre Cita, de 40 [&hellip;]<\/p>\n","protected":false},"author":1,"featured_media":5256,"comment_status":"open","ping_status":"open","sticky":false,"template":"","format":"standard","meta":{"_jetpack_memberships_contains_paid_content":false,"footnotes":""},"categories":[14],"tags":[],"class_list":["post-5255","post","type-post","status-publish","format-standard","has-post-thumbnail","hentry","category-policiaca"],"jetpack_featured_media_url":"https:\/\/encuentroinformativo.com.mx\/wp-content\/uploads\/2020\/08\/policia-Altotonga.jpg","jetpack_sharing_enabled":true,"jetpack_likes_enabled":true,"amp_enabled":true,"_links":{"self":[{"href":"https:\/\/encuentroinformativo.com.mx\/index.php?rest_route=\/wp\/v2\/posts\/5255","targetHints":{"allow":["GET"]}}],"collection":[{"href":"https:\/\/encuentroinformativo.com.mx\/index.php?rest_route=\/wp\/v2\/posts"}],"about":[{"href":"https:\/\/encuentroinformativo.com.mx\/index.php?rest_route=\/wp\/v2\/types\/post"}],"author":[{"embeddable":true,"href":"https:\/\/encuentroinformativo.com.mx\/index.php?rest_route=\/wp\/v2\/users\/1"}],"replies":[{"embeddable":true,"href":"https:\/\/encuentroinformativo.com.mx\/index.php?rest_route=%2Fwp%2Fv2%2Fcomments&post=5255"}],"version-history":[{"count":1,"href":"https:\/\/encuentroinformativo.com.mx\/index.php?rest_route=\/wp\/v2\/posts\/5255\/revisions"}],"predecessor-version":[{"id":5257,"href":"https:\/\/encuentroinformativo.com.mx\/index.php?rest_route=\/wp\/v2\/posts\/5255\/revisions\/5257"}],"wp:featuredmedia":[{"embeddable":true,"href":"https:\/\/encuentroinformativo.com.mx\/index.php?rest_route=\/wp\/v2\/media\/5256"}],"wp:attachment":[{"href":"https:\/\/encuentroinformativo.com.mx\/index.php?rest_route=%2Fwp%2Fv2%2Fmedia&parent=5255"}],"wp:term":[{"taxonomy":"category","embeddable":true,"href":"https:\/\/encuentroinformativo.com.mx\/index.php?rest_route=%2Fwp%2Fv2%2Fcategories&post=5255"},{"taxonomy":"post_tag","embeddable":true,"href":"https:\/\/encuentroinformativo.com.mx\/index.php?rest_route=%2Fwp%2Fv2%2Ftags&post=5255"}],"curies":[{"name":"wp","href":"https:\/\/api.w.org\/{rel}","templated":true}]}}