{"id":52551,"date":"2024-03-28T12:42:06","date_gmt":"2024-03-28T18:42:06","guid":{"rendered":"https:\/\/encuentroinformativo.com.mx\/?p=52551"},"modified":"2024-03-28T12:42:11","modified_gmt":"2024-03-28T18:42:11","slug":"pese-a-no-lograr-candidatura-seguire-en-la-4t-ramon-alvarez","status":"publish","type":"post","link":"https:\/\/encuentroinformativo.com.mx\/?p=52551","title":{"rendered":"Pese a no lograr candidatura, seguir\u00e9 en la 4T: Ram\u00f3n \u00c1lvarez"},"content":{"rendered":"\n<p><strong>Alejandro \u00c1vila<\/strong><\/p>\n\n\n\n<p>Veracruz, Ver.- El empresario, Ram\u00f3n \u00c1lvarez Font\u00e1n, quien buscaba la candidatura del Distrito Local 14, acept\u00f3 las designaciones de la c\u00fapula de Morena y asegur\u00f3 que a pesar de todo, no se baja del barco de la Cuarta Transformaci\u00f3n.<\/p>\n\n\n\n<p>Este mi\u00e9rcoles por la noche se dieron a conocer los candidatos a diputados locales de Morena en la entidad veracruzana; quedando elegidos en Veracruz y Boca del R\u00edo, Bertha Ahued y &#8220;Pep\u00edn&#8221; Ruiz, por los Distritos 14 y 15, respectivamente; mientras que, Lupita Tapia por el Distrito 16.<\/p>\n\n\n\n<p>&#8220;Ayer sali\u00f3 la lista, la tan famosa lista esperada de los 30 candidatos a diputado local, y como yo lo hab\u00eda estado expresando y comentando que nosotros somos profesionales de la pol\u00edtica, y donde nosotros aceptaremos y estamos aceptando hoy los resultados, en donde hoy la candidata es Bertha Ahued por el Distrito 14, que es donde yo estuve caminando, y la apoyaremos porque si algo tiene Morena es unidad, y tenemos que dejar que la gente lo vea que es un partido serio, que somos personas que lo primero que est\u00e1 es el bien com\u00fan no es el bien personal&#8221;, puntualiz\u00f3.<\/p>\n\n\n\n<p>En otro tema, y al respecto de los se\u00f1alamientos en contra de Roc\u00edo Nahle Garc\u00eda por la propiedad conocida como la Casa Dorada, mencion\u00f3 que son parte de la guerra sucia y el desprestigio que se quiere hacer en contra de la candidata a la gubernatura de Veracruz por Morena.<\/p>\n\n\n\n<p>&#8220;Nosotros sabemos perfectamente como opera la oposici\u00f3n, en especial el panismo, es un tema de una guerra sucia, una campa\u00f1a llena de mentiras que tiene poco eco con el pueblo, la ingeniera Nahle tiene una probada honestidad que esa no est\u00e1 en tela de juicio, tiene un trabajo que habla por s\u00ed sola y es normal que en estas fechas se quiera desprestigiar a nuestra candidata, saben la diferencia de votos que hay, y hoy es la famosa guerra sucia que ellos lo saben hacer perfectamente&#8221;, expres\u00f3.<\/p>\n\n\n\n<p>Finalmente, Ram\u00f3n \u00c1lvarez Font\u00e1n invit\u00f3 a todos los simpatizantes de Morena, a acudir el pr\u00f3ximo domingo 31 de marzo a la Macroplaza del Malec\u00f3n de Veracruz, para el arranque de campa\u00f1a de la candidata a la gubernatura, Roc\u00edo Nahle Garc\u00eda, en punto de las 5 de la tarde.<\/p>\n","protected":false},"excerpt":{"rendered":"<p>Alejandro \u00c1vila Veracruz, Ver.- El empresario, Ram\u00f3n \u00c1lvarez Font\u00e1n, quien buscaba la candidatura del Distrito Local 14, acept\u00f3 las designaciones de la c\u00fapula de Morena y asegur\u00f3 que a pesar de todo, no se baja del barco de la Cuarta Transformaci\u00f3n. Este mi\u00e9rcoles por la noche se dieron a conocer los candidatos a diputados locales [&hellip;]<\/p>\n","protected":false},"author":2476,"featured_media":52552,"comment_status":"open","ping_status":"open","sticky":false,"template":"","format":"standard","meta":{"_jetpack_memberships_contains_paid_content":false,"footnotes":""},"categories":[2],"tags":[],"class_list":["post-52551","post","type-post","status-publish","format-standard","has-post-thumbnail","hentry","category-estado"],"jetpack_featured_media_url":"https:\/\/encuentroinformativo.com.mx\/wp-content\/uploads\/2024\/03\/IMG-20240328-WA00212.jpg","jetpack_sharing_enabled":true,"jetpack_likes_enabled":true,"amp_enabled":true,"_links":{"self":[{"href":"https:\/\/encuentroinformativo.com.mx\/index.php?rest_route=\/wp\/v2\/posts\/52551","targetHints":{"allow":["GET"]}}],"collection":[{"href":"https:\/\/encuentroinformativo.com.mx\/index.php?rest_route=\/wp\/v2\/posts"}],"about":[{"href":"https:\/\/encuentroinformativo.com.mx\/index.php?rest_route=\/wp\/v2\/types\/post"}],"author":[{"embeddable":true,"href":"https:\/\/encuentroinformativo.com.mx\/index.php?rest_route=\/wp\/v2\/users\/2476"}],"replies":[{"embeddable":true,"href":"https:\/\/encuentroinformativo.com.mx\/index.php?rest_route=%2Fwp%2Fv2%2Fcomments&post=52551"}],"version-history":[{"count":1,"href":"https:\/\/encuentroinformativo.com.mx\/index.php?rest_route=\/wp\/v2\/posts\/52551\/revisions"}],"predecessor-version":[{"id":52553,"href":"https:\/\/encuentroinformativo.com.mx\/index.php?rest_route=\/wp\/v2\/posts\/52551\/revisions\/52553"}],"wp:featuredmedia":[{"embeddable":true,"href":"https:\/\/encuentroinformativo.com.mx\/index.php?rest_route=\/wp\/v2\/media\/52552"}],"wp:attachment":[{"href":"https:\/\/encuentroinformativo.com.mx\/index.php?rest_route=%2Fwp%2Fv2%2Fmedia&parent=52551"}],"wp:term":[{"taxonomy":"category","embeddable":true,"href":"https:\/\/encuentroinformativo.com.mx\/index.php?rest_route=%2Fwp%2Fv2%2Fcategories&post=52551"},{"taxonomy":"post_tag","embeddable":true,"href":"https:\/\/encuentroinformativo.com.mx\/index.php?rest_route=%2Fwp%2Fv2%2Ftags&post=52551"}],"curies":[{"name":"wp","href":"https:\/\/api.w.org\/{rel}","templated":true}]}}