{"id":52559,"date":"2024-03-28T12:57:08","date_gmt":"2024-03-28T18:57:08","guid":{"rendered":"https:\/\/encuentroinformativo.com.mx\/?p=52559"},"modified":"2024-03-28T12:57:30","modified_gmt":"2024-03-28T18:57:30","slug":"griselda-reclama-justicia-fue-victima-de-violencia","status":"publish","type":"post","link":"https:\/\/encuentroinformativo.com.mx\/?p=52559","title":{"rendered":"Griselda reclama justicia, fue v\u00edctima de violencia"},"content":{"rendered":"\n<p><strong>Juan Arcos <\/strong><\/p>\n\n\n\n<p>Xalapa, Ver.- Griselda V\u00e1zquez Hidalgo solicita ayuda para que su caso de agresi\u00f3n por parte de su expareja, Diego \u201cN\u201d, se haga viral y se haga justicia, ya que teme por su vida debido a que \u00e9l dice tener apoyo de personas de alto poder.<\/p>\n\n\n\n<p>La mujer record\u00f3 que el viernes 22 de marzo, el pap\u00e1 de su hija de dos a\u00f1os la golpe\u00f3 junto con otra persona y ya hay varias denuncias en su contra por violencia intrafamiliar en el Centro Integral de Justicia para Mujeres en Xalapa (Cejum).<\/p>\n\n\n\n<p>\u201c\u00c9l ya tiene varias denuncias en Sej\u00fan, de hecho en eso estamos, estamos en las denuncias para que lo vinculen, ya que \u00e9l contin\u00faa agredi\u00e9ndome y en esta ocasi\u00f3n no fue solo \u00e9l, sino que \u00e9l me puso un 4 para que yo acudiera a su casa, ya que tenemos uno menor de 2 a\u00f1os y \u00e9l le dijo a su entenado que se llama Rodrigo, es creo que menor de edad, que me golpeara, el chico me golpe\u00f3 despiadadamente, tengo heridas muy feas, desde el d\u00eda viernes me duele todo mi cuerpo\u201d, relat\u00f3.<\/p>\n\n\n\n<p>Diego \u201cN\u201d tiene 60 a\u00f1os, es originario de la ciudad de Xalapa y varias veces ha agredido f\u00edsica y verbalmente a Griselda. Ahora ella teme por su vida.<\/p>\n\n\n\n<p>\u201cYa atent\u00f3 contra mi vida y pues yo quiero m\u00e1s que nada que se haga viral, que se haga justicia, porque ya en esta ocasi\u00f3n pude salir de ah\u00ed viva\u201d.<br>Griselda record\u00f3 que tras la \u00faltima agresi\u00f3n que sufri\u00f3 tambi\u00e9n fue detenida por polic\u00edas y trasladada al cuartel Heriberto Jara Corona, tambi\u00e9n conocido como San Jos\u00e9, por las presuntas influencias de su expareja.<\/p>\n\n\n\n<p>\u201c\u00c9l llam\u00f3 a unos polic\u00edas, bueno era solo un chico y una chica, un polic\u00eda le dio recomendaciones que me llevaran a Cejum, ya que el se\u00f1or ya tiene varias denuncias de agresi\u00f3n, de denuncias intrafamiliar, aparte creo que tiene otros antecedentes, le pidi\u00f3 que me llevara a Cejum y el polic\u00eda me llev\u00f3 a San Jos\u00e9, me tuvieron detenida, cuando el agresor es \u00e9l, es una persona ya muy agresiva y temo por mi vida porque sabe donde vivo\u201d.<\/p>\n\n\n\n<p>La mujer exige la urgente intervenci\u00f3n de las autoridades para que las denuncias procedan contra Diego y se garantice la justicia en este caso.<\/p>\n","protected":false},"excerpt":{"rendered":"<p>Juan Arcos Xalapa, Ver.- Griselda V\u00e1zquez Hidalgo solicita ayuda para que su caso de agresi\u00f3n por parte de su expareja, Diego \u201cN\u201d, se haga viral y se haga justicia, ya que teme por su vida debido a que \u00e9l dice tener apoyo de personas de alto poder. La mujer record\u00f3 que el viernes 22 de [&hellip;]<\/p>\n","protected":false},"author":2476,"featured_media":52560,"comment_status":"open","ping_status":"open","sticky":false,"template":"","format":"standard","meta":{"_jetpack_memberships_contains_paid_content":false,"footnotes":""},"categories":[3],"tags":[],"class_list":["post-52559","post","type-post","status-publish","format-standard","has-post-thumbnail","hentry","category-xalapa"],"jetpack_featured_media_url":"https:\/\/encuentroinformativo.com.mx\/wp-content\/uploads\/2024\/03\/93f225ec-8ed5-4c9b-b32e-bd23c0232f88.jpg","jetpack_sharing_enabled":true,"jetpack_likes_enabled":true,"amp_enabled":true,"_links":{"self":[{"href":"https:\/\/encuentroinformativo.com.mx\/index.php?rest_route=\/wp\/v2\/posts\/52559","targetHints":{"allow":["GET"]}}],"collection":[{"href":"https:\/\/encuentroinformativo.com.mx\/index.php?rest_route=\/wp\/v2\/posts"}],"about":[{"href":"https:\/\/encuentroinformativo.com.mx\/index.php?rest_route=\/wp\/v2\/types\/post"}],"author":[{"embeddable":true,"href":"https:\/\/encuentroinformativo.com.mx\/index.php?rest_route=\/wp\/v2\/users\/2476"}],"replies":[{"embeddable":true,"href":"https:\/\/encuentroinformativo.com.mx\/index.php?rest_route=%2Fwp%2Fv2%2Fcomments&post=52559"}],"version-history":[{"count":1,"href":"https:\/\/encuentroinformativo.com.mx\/index.php?rest_route=\/wp\/v2\/posts\/52559\/revisions"}],"predecessor-version":[{"id":52561,"href":"https:\/\/encuentroinformativo.com.mx\/index.php?rest_route=\/wp\/v2\/posts\/52559\/revisions\/52561"}],"wp:featuredmedia":[{"embeddable":true,"href":"https:\/\/encuentroinformativo.com.mx\/index.php?rest_route=\/wp\/v2\/media\/52560"}],"wp:attachment":[{"href":"https:\/\/encuentroinformativo.com.mx\/index.php?rest_route=%2Fwp%2Fv2%2Fmedia&parent=52559"}],"wp:term":[{"taxonomy":"category","embeddable":true,"href":"https:\/\/encuentroinformativo.com.mx\/index.php?rest_route=%2Fwp%2Fv2%2Fcategories&post=52559"},{"taxonomy":"post_tag","embeddable":true,"href":"https:\/\/encuentroinformativo.com.mx\/index.php?rest_route=%2Fwp%2Fv2%2Ftags&post=52559"}],"curies":[{"name":"wp","href":"https:\/\/api.w.org\/{rel}","templated":true}]}}