{"id":52565,"date":"2024-03-28T13:36:22","date_gmt":"2024-03-28T19:36:22","guid":{"rendered":"https:\/\/encuentroinformativo.com.mx\/?p=52565"},"modified":"2024-03-28T13:36:27","modified_gmt":"2024-03-28T19:36:27","slug":"realizan-ultimas-revisiones-a-padron-y-lista-nominal","status":"publish","type":"post","link":"https:\/\/encuentroinformativo.com.mx\/?p=52565","title":{"rendered":"Realizan \u00faltimas revisiones a padr\u00f3n y lista nominal"},"content":{"rendered":"\n<p><strong>Dar\u00edo Pale <\/strong><\/p>\n\n\n\n<p>Xalapa, Ver.- El vocal ejecutivo del Registro Federal de Electores en Veracruz (RFE), Sergio Vera Olvera dio a conocer que est\u00e1n haciendo las \u00faltimas revisiones al padr\u00f3n y lista nominal de Veracruz previo a las elecciones.<\/p>\n\n\n\n<p>En entrevista se\u00f1al\u00f3 que, se est\u00e1 en la etapa final de la conformaci\u00f3n del padr\u00f3n y lista nominal y dijo que ser\u00e1 el 2 de mayo cuando se entregue la lista final a los partidos pol\u00edticos, un mes antes de la jornada electoral.<\/p>\n\n\n\n<p>Detall\u00f3 que los partidos pol\u00edticos no hicieron observaciones a la lista nominal; sin embargo, a nivel nacional s\u00ed hubo observaciones de los institutos pol\u00edticos que repercuten en el Estado de Veracruz y porque lo que se realizan algunas verificaciones.\u00a0<\/p>\n\n\n\n<p>\u201cUstedes recordar\u00e1n ese concepto de presunci\u00f3n de domicilios irregulares o lo que normalmente se le denomina que turismo electoral. Hubo observaciones en algunas entidades donde, lo interesante del procedimiento, no solamente se revisa o se verifica en campo el nuevo domicilio que est\u00e1 reportando el ciudadano, sino que se visita el domicilio origen\u201d, se\u00f1al\u00f3.<\/p>\n\n\n\n<p>Asimismo, explic\u00f3 que tuvieron una verificaci\u00f3n por observaciones tambi\u00e9n, de personas mayores de 100 a\u00f1os en el padr\u00f3n electoral por lo que est\u00e1n verificando en campo a m\u00e1s de 200 personas en la entidad de esa edad.\u00a0<\/p>\n\n\n\n<p>\u201cY es interesante que estamos verificando en campo m\u00e1s de 200 personas en Veracruz que tienen m\u00e1s de 100 a\u00f1os. Y es interesante ver esto porque nosotros tenemos normalmente verificaciones al padr\u00f3n electoral, pero no nos hab\u00eda tocado ir a visitarlos y constatar que ah\u00ed est\u00e1n las personas con su credencial en mano\u201d, coment\u00f3.<\/p>\n\n\n\n<p>Inform\u00f3 que el estado de Veracruz tiene una cobertura del 97.77 por ciento entre padr\u00f3n y lista nominal, por lo que reconoci\u00f3 a los m\u00e1s de 6 millones de veracruzanos que cumplieron con su obligaci\u00f3n de inscribirse y recoger su credencial para votar y que podr\u00e1n participar el pr\u00f3ximo 2 de junio en la jornada electoral.\u00a0<\/p>\n\n\n\n<p>Asimismo, precis\u00f3 fueron 117 mil j\u00f3venes que tramitaron su credencial y que cumplieron 18 a\u00f1os del mes de septiembre pasado hasta el d\u00eda de la jornada electoral y que se realizaron 100 mil tr\u00e1mites de reposici\u00f3n por extrav\u00edo o deterioro de credenciales.\u00a0<\/p>\n\n\n\n<p>Vera Olvera a\u00f1adi\u00f3 que 5 mil 060 credenciales no fueron recogidas por sus due\u00f1os en los tiempos establecidos, por lo que quedaron resguardada en los consejos distritales.\u00a0<\/p>\n","protected":false},"excerpt":{"rendered":"<p>Dar\u00edo Pale Xalapa, Ver.- El vocal ejecutivo del Registro Federal de Electores en Veracruz (RFE), Sergio Vera Olvera dio a conocer que est\u00e1n haciendo las \u00faltimas revisiones al padr\u00f3n y lista nominal de Veracruz previo a las elecciones. En entrevista se\u00f1al\u00f3 que, se est\u00e1 en la etapa final de la conformaci\u00f3n del padr\u00f3n y lista [&hellip;]<\/p>\n","protected":false},"author":2476,"featured_media":52566,"comment_status":"open","ping_status":"open","sticky":false,"template":"","format":"standard","meta":{"_jetpack_memberships_contains_paid_content":false,"footnotes":""},"categories":[2],"tags":[],"class_list":["post-52565","post","type-post","status-publish","format-standard","has-post-thumbnail","hentry","category-estado"],"jetpack_featured_media_url":"https:\/\/encuentroinformativo.com.mx\/wp-content\/uploads\/2024\/03\/IMG-20240328-WA0032.jpg","jetpack_sharing_enabled":true,"jetpack_likes_enabled":true,"amp_enabled":true,"_links":{"self":[{"href":"https:\/\/encuentroinformativo.com.mx\/index.php?rest_route=\/wp\/v2\/posts\/52565","targetHints":{"allow":["GET"]}}],"collection":[{"href":"https:\/\/encuentroinformativo.com.mx\/index.php?rest_route=\/wp\/v2\/posts"}],"about":[{"href":"https:\/\/encuentroinformativo.com.mx\/index.php?rest_route=\/wp\/v2\/types\/post"}],"author":[{"embeddable":true,"href":"https:\/\/encuentroinformativo.com.mx\/index.php?rest_route=\/wp\/v2\/users\/2476"}],"replies":[{"embeddable":true,"href":"https:\/\/encuentroinformativo.com.mx\/index.php?rest_route=%2Fwp%2Fv2%2Fcomments&post=52565"}],"version-history":[{"count":1,"href":"https:\/\/encuentroinformativo.com.mx\/index.php?rest_route=\/wp\/v2\/posts\/52565\/revisions"}],"predecessor-version":[{"id":52567,"href":"https:\/\/encuentroinformativo.com.mx\/index.php?rest_route=\/wp\/v2\/posts\/52565\/revisions\/52567"}],"wp:featuredmedia":[{"embeddable":true,"href":"https:\/\/encuentroinformativo.com.mx\/index.php?rest_route=\/wp\/v2\/media\/52566"}],"wp:attachment":[{"href":"https:\/\/encuentroinformativo.com.mx\/index.php?rest_route=%2Fwp%2Fv2%2Fmedia&parent=52565"}],"wp:term":[{"taxonomy":"category","embeddable":true,"href":"https:\/\/encuentroinformativo.com.mx\/index.php?rest_route=%2Fwp%2Fv2%2Fcategories&post=52565"},{"taxonomy":"post_tag","embeddable":true,"href":"https:\/\/encuentroinformativo.com.mx\/index.php?rest_route=%2Fwp%2Fv2%2Ftags&post=52565"}],"curies":[{"name":"wp","href":"https:\/\/api.w.org\/{rel}","templated":true}]}}